{"id":11825,"date":"2025-07-09T16:55:15","date_gmt":"2025-07-09T21:55:15","guid":{"rendered":"https:\/\/novinsa.com\/lavanderia-industrial\/?p=11825"},"modified":"2025-07-09T17:44:34","modified_gmt":"2025-07-09T22:44:34","slug":"dia-del-lavandero-profesional","status":"publish","type":"post","link":"https:\/\/novinsa.com\/lavanderia-industrial\/dia-del-lavandero-profesional\/","title":{"rendered":"D\u00cdA DEL LAVANDERO PROFESIONAL"},"content":{"rendered":"\t\t<div data-elementor-type=\"wp-post\" data-elementor-id=\"11825\" class=\"elementor elementor-11825\" data-elementor-post-type=\"post\">\n\t\t\t\t<div class=\"elementor-element elementor-element-67aefab e-flex e-con-boxed wpr-particle-no wpr-jarallax-no wpr-parallax-no wpr-sticky-section-no wpr-equal-height-no e-con e-parent\" data-id=\"67aefab\" data-element_type=\"container\" data-e-type=\"container\">\n\t\t\t\t\t<div class=\"e-con-inner\">\n\t\t\t\t<div class=\"elementor-element elementor-element-9a2d534 elementor-widget elementor-widget-text-editor\" data-id=\"9a2d534\" data-element_type=\"widget\" data-e-type=\"widget\" data-widget_type=\"text-editor.default\">\n\t\t\t\t<div class=\"elementor-widget-container\">\n\t\t\t\t\t\t\t\t\t<p>El <strong data-start=\"541\" data-end=\"574\">D\u00eda del Lavandero Profesional<\/strong> no es solo una fecha en el calendario. Es un reconocimiento real, necesario y merecido para todas aquellas personas que, d\u00eda a d\u00eda, dan lo mejor de s\u00ed en el mundo de la lavander\u00eda profesional.<br data-start=\"767\" data-end=\"770\" \/>Y lo que muchos no saben es que esta importante iniciativa <strong data-start=\"829\" data-end=\"865\">naci\u00f3 gracias a Novinsa y Prodex<\/strong>, dos marcas que llevan a\u00f1os apostando por la profesionalizaci\u00f3n, innovaci\u00f3n y desarrollo del sector lavander\u00eda en el Per\u00fa.<\/p>\t\t\t\t\t\t\t\t<\/div>\n\t\t\t\t<\/div>\n\t\t<div class=\"elementor-element elementor-element-c4f112e e-con-full e-flex wpr-particle-no wpr-jarallax-no wpr-parallax-no wpr-sticky-section-no wpr-equal-height-no e-con e-child\" data-id=\"c4f112e\" data-element_type=\"container\" data-e-type=\"container\">\n\t\t\t\t<div class=\"elementor-element elementor-element-0139ef3 elementor-widget elementor-widget-image\" data-id=\"0139ef3\" data-element_type=\"widget\" data-e-type=\"widget\" data-widget_type=\"image.default\">\n\t\t\t\t<div class=\"elementor-widget-container\">\n\t\t\t\t\t\t\t\t\t\t\t\t\t\t\t<img fetchpriority=\"high\" decoding=\"async\" width=\"1536\" height=\"1920\" src=\"https:\/\/novinsa.com\/lavanderia-industrial\/wp-content\/uploads\/2024\/07\/post-foto-dia-del-lavandero_Mesa-de-trabajo-1-copia.jpg\" class=\"attachment-full size-full wp-image-8345\" alt=\"D\u00eda del lavandero profesional\" srcset=\"https:\/\/novinsa.com\/lavanderia-industrial\/wp-content\/uploads\/2024\/07\/post-foto-dia-del-lavandero_Mesa-de-trabajo-1-copia.jpg 1536w, https:\/\/novinsa.com\/lavanderia-industrial\/wp-content\/uploads\/2024\/07\/post-foto-dia-del-lavandero_Mesa-de-trabajo-1-copia-240x300.jpg 240w, https:\/\/novinsa.com\/lavanderia-industrial\/wp-content\/uploads\/2024\/07\/post-foto-dia-del-lavandero_Mesa-de-trabajo-1-copia-819x1024.jpg 819w, https:\/\/novinsa.com\/lavanderia-industrial\/wp-content\/uploads\/2024\/07\/post-foto-dia-del-lavandero_Mesa-de-trabajo-1-copia-768x960.jpg 768w, https:\/\/novinsa.com\/lavanderia-industrial\/wp-content\/uploads\/2024\/07\/post-foto-dia-del-lavandero_Mesa-de-trabajo-1-copia-1229x1536.jpg 1229w, https:\/\/novinsa.com\/lavanderia-industrial\/wp-content\/uploads\/2024\/07\/post-foto-dia-del-lavandero_Mesa-de-trabajo-1-copia-510x638.jpg 510w\" sizes=\"(max-width: 1536px) 100vw, 1536px\" \/>\t\t\t\t\t\t\t\t\t\t\t\t\t\t\t<\/div>\n\t\t\t\t<\/div>\n\t\t\t\t<div class=\"elementor-element elementor-element-16321c6 elementor-widget elementor-widget-image\" data-id=\"16321c6\" data-element_type=\"widget\" data-e-type=\"widget\" data-widget_type=\"image.default\">\n\t\t\t\t<div class=\"elementor-widget-container\">\n\t\t\t\t\t\t\t\t\t\t\t\t\t\t\t<img decoding=\"async\" width=\"1536\" height=\"1920\" src=\"https:\/\/novinsa.com\/lavanderia-industrial\/wp-content\/uploads\/2024\/07\/post-foto-dia-del-lavandero_Mesa-de-trabajo-1-copia-16.jpg\" class=\"attachment-full size-full wp-image-8339\" alt=\"d\u00eda del lavandero profesional\" srcset=\"https:\/\/novinsa.com\/lavanderia-industrial\/wp-content\/uploads\/2024\/07\/post-foto-dia-del-lavandero_Mesa-de-trabajo-1-copia-16.jpg 1536w, https:\/\/novinsa.com\/lavanderia-industrial\/wp-content\/uploads\/2024\/07\/post-foto-dia-del-lavandero_Mesa-de-trabajo-1-copia-16-240x300.jpg 240w, https:\/\/novinsa.com\/lavanderia-industrial\/wp-content\/uploads\/2024\/07\/post-foto-dia-del-lavandero_Mesa-de-trabajo-1-copia-16-819x1024.jpg 819w, https:\/\/novinsa.com\/lavanderia-industrial\/wp-content\/uploads\/2024\/07\/post-foto-dia-del-lavandero_Mesa-de-trabajo-1-copia-16-768x960.jpg 768w, https:\/\/novinsa.com\/lavanderia-industrial\/wp-content\/uploads\/2024\/07\/post-foto-dia-del-lavandero_Mesa-de-trabajo-1-copia-16-1229x1536.jpg 1229w, https:\/\/novinsa.com\/lavanderia-industrial\/wp-content\/uploads\/2024\/07\/post-foto-dia-del-lavandero_Mesa-de-trabajo-1-copia-16-510x638.jpg 510w\" sizes=\"(max-width: 1536px) 100vw, 1536px\" \/>\t\t\t\t\t\t\t\t\t\t\t\t\t\t\t<\/div>\n\t\t\t\t<\/div>\n\t\t\t\t<div class=\"elementor-element elementor-element-3a2359b elementor-widget elementor-widget-image\" data-id=\"3a2359b\" data-element_type=\"widget\" data-e-type=\"widget\" data-widget_type=\"image.default\">\n\t\t\t\t<div class=\"elementor-widget-container\">\n\t\t\t\t\t\t\t\t\t\t\t\t\t\t\t<img decoding=\"async\" width=\"1536\" height=\"1920\" src=\"https:\/\/novinsa.com\/lavanderia-industrial\/wp-content\/uploads\/2024\/07\/post-foto-dia-del-lavandero_Mesa-de-trabajo-1-copia-12.jpg\" class=\"attachment-full size-full wp-image-8335\" alt=\"d\u00eda del lavandero profesional\" srcset=\"https:\/\/novinsa.com\/lavanderia-industrial\/wp-content\/uploads\/2024\/07\/post-foto-dia-del-lavandero_Mesa-de-trabajo-1-copia-12.jpg 1536w, https:\/\/novinsa.com\/lavanderia-industrial\/wp-content\/uploads\/2024\/07\/post-foto-dia-del-lavandero_Mesa-de-trabajo-1-copia-12-240x300.jpg 240w, https:\/\/novinsa.com\/lavanderia-industrial\/wp-content\/uploads\/2024\/07\/post-foto-dia-del-lavandero_Mesa-de-trabajo-1-copia-12-819x1024.jpg 819w, https:\/\/novinsa.com\/lavanderia-industrial\/wp-content\/uploads\/2024\/07\/post-foto-dia-del-lavandero_Mesa-de-trabajo-1-copia-12-768x960.jpg 768w, https:\/\/novinsa.com\/lavanderia-industrial\/wp-content\/uploads\/2024\/07\/post-foto-dia-del-lavandero_Mesa-de-trabajo-1-copia-12-1229x1536.jpg 1229w, https:\/\/novinsa.com\/lavanderia-industrial\/wp-content\/uploads\/2024\/07\/post-foto-dia-del-lavandero_Mesa-de-trabajo-1-copia-12-510x638.jpg 510w\" sizes=\"(max-width: 1536px) 100vw, 1536px\" \/>\t\t\t\t\t\t\t\t\t\t\t\t\t\t\t<\/div>\n\t\t\t\t<\/div>\n\t\t\t\t<div class=\"elementor-element elementor-element-f0ad908 elementor-widget elementor-widget-image\" data-id=\"f0ad908\" data-element_type=\"widget\" data-e-type=\"widget\" data-widget_type=\"image.default\">\n\t\t\t\t<div class=\"elementor-widget-container\">\n\t\t\t\t\t\t\t\t\t\t\t\t\t\t\t<img loading=\"lazy\" decoding=\"async\" width=\"1536\" height=\"1920\" src=\"https:\/\/novinsa.com\/lavanderia-industrial\/wp-content\/uploads\/2024\/07\/post-foto-dia-del-lavandero_Mesa-de-trabajo-1-copia-11.jpg\" class=\"attachment-full size-full wp-image-8334\" alt=\"d\u00eda del lavandero profesional\" srcset=\"https:\/\/novinsa.com\/lavanderia-industrial\/wp-content\/uploads\/2024\/07\/post-foto-dia-del-lavandero_Mesa-de-trabajo-1-copia-11.jpg 1536w, https:\/\/novinsa.com\/lavanderia-industrial\/wp-content\/uploads\/2024\/07\/post-foto-dia-del-lavandero_Mesa-de-trabajo-1-copia-11-240x300.jpg 240w, https:\/\/novinsa.com\/lavanderia-industrial\/wp-content\/uploads\/2024\/07\/post-foto-dia-del-lavandero_Mesa-de-trabajo-1-copia-11-819x1024.jpg 819w, https:\/\/novinsa.com\/lavanderia-industrial\/wp-content\/uploads\/2024\/07\/post-foto-dia-del-lavandero_Mesa-de-trabajo-1-copia-11-768x960.jpg 768w, https:\/\/novinsa.com\/lavanderia-industrial\/wp-content\/uploads\/2024\/07\/post-foto-dia-del-lavandero_Mesa-de-trabajo-1-copia-11-1229x1536.jpg 1229w, https:\/\/novinsa.com\/lavanderia-industrial\/wp-content\/uploads\/2024\/07\/post-foto-dia-del-lavandero_Mesa-de-trabajo-1-copia-11-510x638.jpg 510w\" sizes=\"(max-width: 1536px) 100vw, 1536px\" \/>\t\t\t\t\t\t\t\t\t\t\t\t\t\t\t<\/div>\n\t\t\t\t<\/div>\n\t\t\t\t<\/div>\n\t\t\t\t<div class=\"elementor-element elementor-element-78a524c elementor-widget elementor-widget-text-editor\" data-id=\"78a524c\" data-element_type=\"widget\" data-e-type=\"widget\" data-widget_type=\"text-editor.default\">\n\t\t\t\t<div class=\"elementor-widget-container\">\n\t\t\t\t\t\t\t\t\t<h3 data-start=\"995\" data-end=\"1054\">\ud83d\udca1 <strong data-start=\"1002\" data-end=\"1054\">\u00bfPor qu\u00e9 crear el D\u00eda del Lavandero Profesional?<br \/><\/strong><\/h3><p data-start=\"1056\" data-end=\"1324\">Durante a\u00f1os, hemos sido testigos del crecimiento constante de las lavander\u00edas profesionales, del esfuerzo de cada operario, emprendedor y t\u00e9cnico que transforma prendas todos los d\u00edas. Sin embargo, <strong data-start=\"1255\" data-end=\"1323\">no exist\u00eda una fecha dedicada exclusivamente a celebrar su labor<\/strong>.<\/p><p data-start=\"1326\" data-end=\"1618\">Por eso, desde <strong data-start=\"1341\" data-end=\"1361\">Novinsa y Prodex<\/strong>, decidimos dar el primer paso y crear este d\u00eda conmemorativo. No por marketing. No por tendencia. <strong data-start=\"1460\" data-end=\"1618\">Lo hicimos porque creemos en el valor del lavandero profesional como pilar de una industria que cada vez exige m\u00e1s conocimientos, tecnolog\u00eda y compromiso.<\/strong><\/p>\t\t\t\t\t\t\t\t<\/div>\n\t\t\t\t<\/div>\n\t\t\t\t<div class=\"elementor-element elementor-element-13bbcc3 elementor-widget elementor-widget-text-editor\" data-id=\"13bbcc3\" data-element_type=\"widget\" data-e-type=\"widget\" data-widget_type=\"text-editor.default\">\n\t\t\t\t<div class=\"elementor-widget-container\">\n\t\t\t\t\t\t\t\t\t<h3 data-start=\"1625\" data-end=\"1706\">\ud83e\udde0 <strong data-start=\"1632\" data-end=\"1706\">Una industria que evoluciona, gracias a personas que nunca se detienen<\/strong><\/h3><p data-start=\"1708\" data-end=\"1952\">Hoy, la lavander\u00eda profesional no es solo \u201clavar y secar\u201d. Es dominar t\u00e9cnicas, qu\u00edmicos, equipos industriales, procesos de control de calidad y atenci\u00f3n al cliente. Es saber adaptarse a normativas, sostenibilidad y nuevas demandas del mercado.<\/p><p data-start=\"1954\" data-end=\"2134\">Por eso, en este d\u00eda especial, <strong data-start=\"1985\" data-end=\"2045\">honramos a quienes est\u00e1n detr\u00e1s de cada prenda impecable<\/strong>, cada servicio puntual, cada cliente satisfecho. Ellos son los verdaderos protagonistas.<\/p>\t\t\t\t\t\t\t\t<\/div>\n\t\t\t\t<\/div>\n\t\t\t\t<div class=\"elementor-element elementor-element-edd7b33 elementor-widget elementor-widget-text-editor\" data-id=\"edd7b33\" data-element_type=\"widget\" data-e-type=\"widget\" data-widget_type=\"text-editor.default\">\n\t\t\t\t<div class=\"elementor-widget-container\">\n\t\t\t\t\t\t\t\t\t<h3 data-start=\"2141\" data-end=\"2178\">\ud83c\udf89 <strong data-start=\"2148\" data-end=\"2178\">As\u00ed lo celebramos este a\u00f1o<\/strong><\/h3><p data-start=\"2180\" data-end=\"2606\">Este a\u00f1o, volveremos a vivir una jornada emocionante llena de capacitaci\u00f3n, demostraciones en vivo, sorteos y reconocimientos. Una verdadera fiesta dedicada a los profesionales de la lavander\u00eda.<br data-start=\"2372\" data-end=\"2375\" \/><strong data-start=\"2375\" data-end=\"2446\">Y todo fue posible gracias al esfuerzo conjunto de Novinsa y Prodex<\/strong>, quienes organizaron esta celebraci\u00f3n con el objetivo de fortalecer la comunidad, compartir conocimientos y brindar herramientas para el crecimiento del rubro.<\/p>\t\t\t\t\t\t\t\t<\/div>\n\t\t\t\t<\/div>\n\t\t\t\t<div class=\"elementor-element elementor-element-896cf25 elementor-widget elementor-widget-text-editor\" data-id=\"896cf25\" data-element_type=\"widget\" data-e-type=\"widget\" data-widget_type=\"text-editor.default\">\n\t\t\t\t<div class=\"elementor-widget-container\">\n\t\t\t\t\t\t\t\t\t<h3 data-start=\"2613\" data-end=\"2649\">\ud83d\ude4c <strong data-start=\"2620\" data-end=\"2649\">Un llamado a la industria<\/strong><\/h3><p data-start=\"2651\" data-end=\"2911\">Hoy m\u00e1s que nunca, es momento de valorar a quienes hacen posible que el sector lavander\u00eda siga creciendo. Por eso, <strong data-start=\"2766\" data-end=\"2867\">invitamos a todos nuestros clientes, marcas, emprendedores y aliados a unirse a esta fecha conmemorativa<\/strong>, a no dejarla pasar como un simple d\u00eda m\u00e1s.<\/p>\t\t\t\t\t\t\t\t<\/div>\n\t\t\t\t<\/div>\n\t\t\t\t\t<\/div>\n\t\t\t\t<\/div>\n\t\t\t\t<\/div>\n\t\t","protected":false},"excerpt":{"rendered":"<p>El D\u00eda del Lavandero Profesional no es solo una fecha en el calendario. Es un reconocimiento real, necesario y merecido para todas aquellas personas que, d\u00eda a d\u00eda, dan lo mejor de s\u00ed en el mundo de la lavander\u00eda profesional.Y lo que muchos no saben es que esta importante iniciativa naci\u00f3 gracias a Novinsa y Prodex, dos marcas que llevan a\u00f1os apostando por la profesionalizaci\u00f3n, innovaci\u00f3n y desarrollo del sector lavander\u00eda en el Per\u00fa. \ud83d\udca1 \u00bfPor qu\u00e9 crear el D\u00eda del Lavandero Profesional? Durante a\u00f1os, hemos sido testigos del crecimiento constante de las lavander\u00edas profesionales, del esfuerzo de cada operario, emprendedor y t\u00e9cnico que transforma prendas todos los d\u00edas. Sin embargo, no exist\u00eda una fecha dedicada exclusivamente a celebrar su labor. Por eso, desde Novinsa y Prodex, decidimos dar el primer paso y crear este d\u00eda conmemorativo. No por marketing. No por tendencia. Lo hicimos porque creemos en el valor del lavandero profesional como pilar de una industria que cada vez exige m\u00e1s conocimientos, tecnolog\u00eda y compromiso. \ud83e\udde0 Una industria que evoluciona, gracias a personas que nunca se detienen Hoy, la lavander\u00eda profesional no es solo \u201clavar y secar\u201d. Es dominar t\u00e9cnicas, qu\u00edmicos, equipos industriales, procesos de control de calidad y atenci\u00f3n al cliente. Es saber adaptarse a normativas, sostenibilidad y nuevas demandas del mercado. Por eso, en este d\u00eda especial, honramos a quienes est\u00e1n detr\u00e1s de cada prenda impecable, cada servicio puntual, cada cliente satisfecho. Ellos son los verdaderos protagonistas. \ud83c\udf89 As\u00ed lo celebramos este a\u00f1o Este a\u00f1o, volveremos a vivir una jornada emocionante llena de capacitaci\u00f3n, demostraciones en vivo, sorteos y reconocimientos. Una verdadera fiesta dedicada a los profesionales de la lavander\u00eda.Y todo fue posible gracias al esfuerzo conjunto de Novinsa y Prodex, quienes organizaron esta celebraci\u00f3n con el objetivo de fortalecer la comunidad, compartir conocimientos y brindar herramientas para el crecimiento del rubro. \ud83d\ude4c Un llamado a la industria Hoy m\u00e1s que nunca, es momento de valorar a quienes hacen posible que el sector lavander\u00eda siga creciendo. Por eso, invitamos a todos nuestros clientes, marcas, emprendedores y aliados a unirse a esta fecha conmemorativa, a no dejarla pasar como un simple d\u00eda m\u00e1s.<\/p>\n","protected":false},"author":2,"featured_media":11831,"comment_status":"closed","ping_status":"open","sticky":false,"template":"","format":"standard","meta":{"_acf_changed":false,"site-sidebar-layout":"default","site-content-layout":"","ast-site-content-layout":"default","site-content-style":"default","site-sidebar-style":"default","ast-global-header-display":"","ast-banner-title-visibility":"","ast-main-header-display":"","ast-hfb-above-header-display":"","ast-hfb-below-header-display":"","ast-hfb-mobile-header-display":"","site-post-title":"","ast-breadcrumbs-content":"","ast-featured-img":"","footer-sml-layout":"","theme-transparent-header-meta":"","adv-header-id-meta":"","stick-header-meta":"","header-above-stick-meta":"","header-main-stick-meta":"","header-below-stick-meta":"","astra-migrate-meta-layouts":"set","ast-page-background-enabled":"default","ast-page-background-meta":{"desktop":{"background-color":"var(--ast-global-color-4)","background-image":"","background-repeat":"repeat","background-position":"center center","background-size":"auto","background-attachment":"scroll","background-type":"","background-media":"","overlay-type":"","overlay-color":"","overlay-opacity":"","overlay-gradient":""},"tablet":{"background-color":"","background-image":"","background-repeat":"repeat","background-position":"center center","background-size":"auto","background-attachment":"scroll","background-type":"","background-media":"","overlay-type":"","overlay-color":"","overlay-opacity":"","overlay-gradient":""},"mobile":{"background-color":"","background-image":"","background-repeat":"repeat","background-position":"center center","background-size":"auto","background-attachment":"scroll","background-type":"","background-media":"","overlay-type":"","overlay-color":"","overlay-opacity":"","overlay-gradient":""}},"ast-content-background-meta":{"desktop":{"background-color":"var(--ast-global-color-5)","background-image":"","background-repeat":"repeat","background-position":"center center","background-size":"auto","background-attachment":"scroll","background-type":"","background-media":"","overlay-type":"","overlay-color":"","overlay-opacity":"","overlay-gradient":""},"tablet":{"background-color":"var(--ast-global-color-5)","background-image":"","background-repeat":"repeat","background-position":"center center","background-size":"auto","background-attachment":"scroll","background-type":"","background-media":"","overlay-type":"","overlay-color":"","overlay-opacity":"","overlay-gradient":""},"mobile":{"background-color":"var(--ast-global-color-5)","background-image":"","background-repeat":"repeat","background-position":"center center","background-size":"auto","background-attachment":"scroll","background-type":"","background-media":"","overlay-type":"","overlay-color":"","overlay-opacity":"","overlay-gradient":""}},"_joinchat":[],"footnotes":""},"categories":[1],"tags":[],"class_list":["post-11825","post","type-post","status-publish","format-standard","has-post-thumbnail","hentry","category-novedades"],"acf":[],"yoast_head":"<!-- This site is optimized with the Yoast SEO plugin v27.4 - https:\/\/yoast.com\/product\/yoast-seo-wordpress\/ -->\n<title>D\u00cdA DEL LAVANDERO PROFESIONAL &#8211; Novinsa | Equipos de Lavander\u00eda Industrial<\/title>\n<meta name=\"description\" content=\"Descubre c\u00f3mo naci\u00f3 el D\u00eda del Lavandero Profesional de la mano de Novinsa y Prodex. Una fecha para celebrar y capacitar al rubro lavander\u00eda.\" \/>\n<meta name=\"robots\" content=\"index, follow, max-snippet:-1, max-image-preview:large, max-video-preview:-1\" \/>\n<link rel=\"canonical\" href=\"https:\/\/novinsa.com\/lavanderia-industrial\/dia-del-lavandero-profesional\/\" \/>\n<meta property=\"og:locale\" content=\"es_ES\" \/>\n<meta property=\"og:type\" content=\"article\" \/>\n<meta property=\"og:title\" content=\"D\u00cdA DEL LAVANDERO PROFESIONAL &#8211; Novinsa | Equipos de Lavander\u00eda Industrial\" \/>\n<meta property=\"og:description\" content=\"Descubre c\u00f3mo naci\u00f3 el D\u00eda del Lavandero Profesional de la mano de Novinsa y Prodex. Una fecha para celebrar y capacitar al rubro lavander\u00eda.\" \/>\n<meta property=\"og:url\" content=\"https:\/\/novinsa.com\/lavanderia-industrial\/dia-del-lavandero-profesional\/\" \/>\n<meta property=\"og:site_name\" content=\"Novinsa | Equipos de Lavander\u00eda Industrial\" \/>\n<meta property=\"article:publisher\" content=\"https:\/\/www.facebook.com\/novinsa.peru\" \/>\n<meta property=\"article:published_time\" content=\"2025-07-09T21:55:15+00:00\" \/>\n<meta property=\"article:modified_time\" content=\"2025-07-09T22:44:34+00:00\" \/>\n<meta property=\"og:image\" content=\"https:\/\/novinsa.com\/lavanderia-industrial\/wp-content\/uploads\/2025\/07\/Mesa-de-trabajo-1.png\" \/>\n\t<meta property=\"og:image:width\" content=\"300\" \/>\n\t<meta property=\"og:image:height\" content=\"300\" \/>\n\t<meta property=\"og:image:type\" content=\"image\/png\" \/>\n<meta name=\"author\" content=\"Web Master\" \/>\n<meta name=\"twitter:card\" content=\"summary_large_image\" \/>\n<meta name=\"twitter:label1\" content=\"Escrito por\" \/>\n\t<meta name=\"twitter:data1\" content=\"Web Master\" \/>\n\t<meta name=\"twitter:label2\" content=\"Tiempo de lectura\" \/>\n\t<meta name=\"twitter:data2\" content=\"3 minutos\" \/>\n<script type=\"application\/ld+json\" class=\"yoast-schema-graph\">{\"@context\":\"https:\\\/\\\/schema.org\",\"@graph\":[{\"@type\":\"Article\",\"@id\":\"https:\\\/\\\/novinsa.com\\\/lavanderia-industrial\\\/dia-del-lavandero-profesional\\\/#article\",\"isPartOf\":{\"@id\":\"https:\\\/\\\/novinsa.com\\\/lavanderia-industrial\\\/dia-del-lavandero-profesional\\\/\"},\"author\":{\"name\":\"Web Master\",\"@id\":\"https:\\\/\\\/novinsa.com\\\/lavanderia-industrial\\\/#\\\/schema\\\/person\\\/bc8648258879a42256964db92b66a3a6\"},\"headline\":\"D\u00cdA DEL LAVANDERO PROFESIONAL\",\"datePublished\":\"2025-07-09T21:55:15+00:00\",\"dateModified\":\"2025-07-09T22:44:34+00:00\",\"mainEntityOfPage\":{\"@id\":\"https:\\\/\\\/novinsa.com\\\/lavanderia-industrial\\\/dia-del-lavandero-profesional\\\/\"},\"wordCount\":392,\"publisher\":{\"@id\":\"https:\\\/\\\/novinsa.com\\\/lavanderia-industrial\\\/#organization\"},\"image\":{\"@id\":\"https:\\\/\\\/novinsa.com\\\/lavanderia-industrial\\\/dia-del-lavandero-profesional\\\/#primaryimage\"},\"thumbnailUrl\":\"https:\\\/\\\/novinsa.com\\\/lavanderia-industrial\\\/wp-content\\\/uploads\\\/2025\\\/07\\\/Mesa-de-trabajo-1.png\",\"articleSection\":[\"Novedades\"],\"inLanguage\":\"es\"},{\"@type\":\"WebPage\",\"@id\":\"https:\\\/\\\/novinsa.com\\\/lavanderia-industrial\\\/dia-del-lavandero-profesional\\\/\",\"url\":\"https:\\\/\\\/novinsa.com\\\/lavanderia-industrial\\\/dia-del-lavandero-profesional\\\/\",\"name\":\"D\u00cdA DEL LAVANDERO PROFESIONAL &#8211; Novinsa | Equipos de Lavander\u00eda Industrial\",\"isPartOf\":{\"@id\":\"https:\\\/\\\/novinsa.com\\\/lavanderia-industrial\\\/#website\"},\"primaryImageOfPage\":{\"@id\":\"https:\\\/\\\/novinsa.com\\\/lavanderia-industrial\\\/dia-del-lavandero-profesional\\\/#primaryimage\"},\"image\":{\"@id\":\"https:\\\/\\\/novinsa.com\\\/lavanderia-industrial\\\/dia-del-lavandero-profesional\\\/#primaryimage\"},\"thumbnailUrl\":\"https:\\\/\\\/novinsa.com\\\/lavanderia-industrial\\\/wp-content\\\/uploads\\\/2025\\\/07\\\/Mesa-de-trabajo-1.png\",\"datePublished\":\"2025-07-09T21:55:15+00:00\",\"dateModified\":\"2025-07-09T22:44:34+00:00\",\"description\":\"Descubre c\u00f3mo naci\u00f3 el D\u00eda del Lavandero Profesional de la mano de Novinsa y Prodex. Una fecha para celebrar y capacitar al rubro lavander\u00eda.\",\"breadcrumb\":{\"@id\":\"https:\\\/\\\/novinsa.com\\\/lavanderia-industrial\\\/dia-del-lavandero-profesional\\\/#breadcrumb\"},\"inLanguage\":\"es\",\"potentialAction\":[{\"@type\":\"ReadAction\",\"target\":[\"https:\\\/\\\/novinsa.com\\\/lavanderia-industrial\\\/dia-del-lavandero-profesional\\\/\"]}]},{\"@type\":\"ImageObject\",\"inLanguage\":\"es\",\"@id\":\"https:\\\/\\\/novinsa.com\\\/lavanderia-industrial\\\/dia-del-lavandero-profesional\\\/#primaryimage\",\"url\":\"https:\\\/\\\/novinsa.com\\\/lavanderia-industrial\\\/wp-content\\\/uploads\\\/2025\\\/07\\\/Mesa-de-trabajo-1.png\",\"contentUrl\":\"https:\\\/\\\/novinsa.com\\\/lavanderia-industrial\\\/wp-content\\\/uploads\\\/2025\\\/07\\\/Mesa-de-trabajo-1.png\",\"width\":300,\"height\":300},{\"@type\":\"BreadcrumbList\",\"@id\":\"https:\\\/\\\/novinsa.com\\\/lavanderia-industrial\\\/dia-del-lavandero-profesional\\\/#breadcrumb\",\"itemListElement\":[{\"@type\":\"ListItem\",\"position\":1,\"name\":\"Home\",\"item\":\"https:\\\/\\\/novinsa.com\\\/lavanderia-industrial\\\/\"},{\"@type\":\"ListItem\",\"position\":2,\"name\":\"D\u00cdA DEL LAVANDERO PROFESIONAL\"}]},{\"@type\":\"WebSite\",\"@id\":\"https:\\\/\\\/novinsa.com\\\/lavanderia-industrial\\\/#website\",\"url\":\"https:\\\/\\\/novinsa.com\\\/lavanderia-industrial\\\/\",\"name\":\"Novinsa | venta equipos para lavanderia industrial\",\"description\":\"Equipamiento en Lavander\u00eda Industrial\",\"publisher\":{\"@id\":\"https:\\\/\\\/novinsa.com\\\/lavanderia-industrial\\\/#organization\"},\"alternateName\":\"Novinsa Lavadoras industriales Per\u00fa\",\"potentialAction\":[{\"@type\":\"SearchAction\",\"target\":{\"@type\":\"EntryPoint\",\"urlTemplate\":\"https:\\\/\\\/novinsa.com\\\/lavanderia-industrial\\\/?s={search_term_string}\"},\"query-input\":{\"@type\":\"PropertyValueSpecification\",\"valueRequired\":true,\"valueName\":\"search_term_string\"}}],\"inLanguage\":\"es\"},{\"@type\":\"Organization\",\"@id\":\"https:\\\/\\\/novinsa.com\\\/lavanderia-industrial\\\/#organization\",\"name\":\"NOVINSA COMERCIAL SA\",\"alternateName\":\"Lavadoras industriales para hoteles\",\"url\":\"https:\\\/\\\/novinsa.com\\\/lavanderia-industrial\\\/\",\"logo\":{\"@type\":\"ImageObject\",\"inLanguage\":\"es\",\"@id\":\"https:\\\/\\\/novinsa.com\\\/lavanderia-industrial\\\/#\\\/schema\\\/logo\\\/image\\\/\",\"url\":\"https:\\\/\\\/novinsa.com\\\/lavanderia-industrial\\\/wp-content\\\/uploads\\\/2023\\\/03\\\/Mesa-de-trabajo-1-copia.png\",\"contentUrl\":\"https:\\\/\\\/novinsa.com\\\/lavanderia-industrial\\\/wp-content\\\/uploads\\\/2023\\\/03\\\/Mesa-de-trabajo-1-copia.png\",\"width\":1201,\"height\":676,\"caption\":\"NOVINSA COMERCIAL SA\"},\"image\":{\"@id\":\"https:\\\/\\\/novinsa.com\\\/lavanderia-industrial\\\/#\\\/schema\\\/logo\\\/image\\\/\"},\"sameAs\":[\"https:\\\/\\\/www.facebook.com\\\/novinsa.peru\",\"https:\\\/\\\/www.instagram.com\\\/novinsa.peru\\\/\",\"https:\\\/\\\/www.youtube.com\\\/@novinsacomercials.a.9294\"]},{\"@type\":\"Person\",\"@id\":\"https:\\\/\\\/novinsa.com\\\/lavanderia-industrial\\\/#\\\/schema\\\/person\\\/bc8648258879a42256964db92b66a3a6\",\"name\":\"Web Master\",\"image\":{\"@type\":\"ImageObject\",\"inLanguage\":\"es\",\"@id\":\"https:\\\/\\\/secure.gravatar.com\\\/avatar\\\/de902f2d15fa9ade4f8fe8926f7e755c803be664d724c8dea7024166cb3c0b6d?s=96&d=mm&r=g\",\"url\":\"https:\\\/\\\/secure.gravatar.com\\\/avatar\\\/de902f2d15fa9ade4f8fe8926f7e755c803be664d724c8dea7024166cb3c0b6d?s=96&d=mm&r=g\",\"contentUrl\":\"https:\\\/\\\/secure.gravatar.com\\\/avatar\\\/de902f2d15fa9ade4f8fe8926f7e755c803be664d724c8dea7024166cb3c0b6d?s=96&d=mm&r=g\",\"caption\":\"Web Master\"},\"sameAs\":[\"https:\\\/\\\/novinsa.com\\\/lavanderia-industrial\"]}]}<\/script>\n<!-- \/ Yoast SEO plugin. -->","yoast_head_json":{"title":"D\u00cdA DEL LAVANDERO PROFESIONAL &#8211; Novinsa | Equipos de Lavander\u00eda Industrial","description":"Descubre c\u00f3mo naci\u00f3 el D\u00eda del Lavandero Profesional de la mano de Novinsa y Prodex. Una fecha para celebrar y capacitar al rubro lavander\u00eda.","robots":{"index":"index","follow":"follow","max-snippet":"max-snippet:-1","max-image-preview":"max-image-preview:large","max-video-preview":"max-video-preview:-1"},"canonical":"https:\/\/novinsa.com\/lavanderia-industrial\/dia-del-lavandero-profesional\/","og_locale":"es_ES","og_type":"article","og_title":"D\u00cdA DEL LAVANDERO PROFESIONAL &#8211; Novinsa | Equipos de Lavander\u00eda Industrial","og_description":"Descubre c\u00f3mo naci\u00f3 el D\u00eda del Lavandero Profesional de la mano de Novinsa y Prodex. Una fecha para celebrar y capacitar al rubro lavander\u00eda.","og_url":"https:\/\/novinsa.com\/lavanderia-industrial\/dia-del-lavandero-profesional\/","og_site_name":"Novinsa | Equipos de Lavander\u00eda Industrial","article_publisher":"https:\/\/www.facebook.com\/novinsa.peru","article_published_time":"2025-07-09T21:55:15+00:00","article_modified_time":"2025-07-09T22:44:34+00:00","og_image":[{"width":300,"height":300,"url":"https:\/\/novinsa.com\/lavanderia-industrial\/wp-content\/uploads\/2025\/07\/Mesa-de-trabajo-1.png","type":"image\/png"}],"author":"Web Master","twitter_card":"summary_large_image","twitter_misc":{"Escrito por":"Web Master","Tiempo de lectura":"3 minutos"},"schema":{"@context":"https:\/\/schema.org","@graph":[{"@type":"Article","@id":"https:\/\/novinsa.com\/lavanderia-industrial\/dia-del-lavandero-profesional\/#article","isPartOf":{"@id":"https:\/\/novinsa.com\/lavanderia-industrial\/dia-del-lavandero-profesional\/"},"author":{"name":"Web Master","@id":"https:\/\/novinsa.com\/lavanderia-industrial\/#\/schema\/person\/bc8648258879a42256964db92b66a3a6"},"headline":"D\u00cdA DEL LAVANDERO PROFESIONAL","datePublished":"2025-07-09T21:55:15+00:00","dateModified":"2025-07-09T22:44:34+00:00","mainEntityOfPage":{"@id":"https:\/\/novinsa.com\/lavanderia-industrial\/dia-del-lavandero-profesional\/"},"wordCount":392,"publisher":{"@id":"https:\/\/novinsa.com\/lavanderia-industrial\/#organization"},"image":{"@id":"https:\/\/novinsa.com\/lavanderia-industrial\/dia-del-lavandero-profesional\/#primaryimage"},"thumbnailUrl":"https:\/\/novinsa.com\/lavanderia-industrial\/wp-content\/uploads\/2025\/07\/Mesa-de-trabajo-1.png","articleSection":["Novedades"],"inLanguage":"es"},{"@type":"WebPage","@id":"https:\/\/novinsa.com\/lavanderia-industrial\/dia-del-lavandero-profesional\/","url":"https:\/\/novinsa.com\/lavanderia-industrial\/dia-del-lavandero-profesional\/","name":"D\u00cdA DEL LAVANDERO PROFESIONAL &#8211; Novinsa | Equipos de Lavander\u00eda Industrial","isPartOf":{"@id":"https:\/\/novinsa.com\/lavanderia-industrial\/#website"},"primaryImageOfPage":{"@id":"https:\/\/novinsa.com\/lavanderia-industrial\/dia-del-lavandero-profesional\/#primaryimage"},"image":{"@id":"https:\/\/novinsa.com\/lavanderia-industrial\/dia-del-lavandero-profesional\/#primaryimage"},"thumbnailUrl":"https:\/\/novinsa.com\/lavanderia-industrial\/wp-content\/uploads\/2025\/07\/Mesa-de-trabajo-1.png","datePublished":"2025-07-09T21:55:15+00:00","dateModified":"2025-07-09T22:44:34+00:00","description":"Descubre c\u00f3mo naci\u00f3 el D\u00eda del Lavandero Profesional de la mano de Novinsa y Prodex. Una fecha para celebrar y capacitar al rubro lavander\u00eda.","breadcrumb":{"@id":"https:\/\/novinsa.com\/lavanderia-industrial\/dia-del-lavandero-profesional\/#breadcrumb"},"inLanguage":"es","potentialAction":[{"@type":"ReadAction","target":["https:\/\/novinsa.com\/lavanderia-industrial\/dia-del-lavandero-profesional\/"]}]},{"@type":"ImageObject","inLanguage":"es","@id":"https:\/\/novinsa.com\/lavanderia-industrial\/dia-del-lavandero-profesional\/#primaryimage","url":"https:\/\/novinsa.com\/lavanderia-industrial\/wp-content\/uploads\/2025\/07\/Mesa-de-trabajo-1.png","contentUrl":"https:\/\/novinsa.com\/lavanderia-industrial\/wp-content\/uploads\/2025\/07\/Mesa-de-trabajo-1.png","width":300,"height":300},{"@type":"BreadcrumbList","@id":"https:\/\/novinsa.com\/lavanderia-industrial\/dia-del-lavandero-profesional\/#breadcrumb","itemListElement":[{"@type":"ListItem","position":1,"name":"Home","item":"https:\/\/novinsa.com\/lavanderia-industrial\/"},{"@type":"ListItem","position":2,"name":"D\u00cdA DEL LAVANDERO PROFESIONAL"}]},{"@type":"WebSite","@id":"https:\/\/novinsa.com\/lavanderia-industrial\/#website","url":"https:\/\/novinsa.com\/lavanderia-industrial\/","name":"Novinsa | venta equipos para lavanderia industrial","description":"Equipamiento en Lavander\u00eda Industrial","publisher":{"@id":"https:\/\/novinsa.com\/lavanderia-industrial\/#organization"},"alternateName":"Novinsa Lavadoras industriales Per\u00fa","potentialAction":[{"@type":"SearchAction","target":{"@type":"EntryPoint","urlTemplate":"https:\/\/novinsa.com\/lavanderia-industrial\/?s={search_term_string}"},"query-input":{"@type":"PropertyValueSpecification","valueRequired":true,"valueName":"search_term_string"}}],"inLanguage":"es"},{"@type":"Organization","@id":"https:\/\/novinsa.com\/lavanderia-industrial\/#organization","name":"NOVINSA COMERCIAL SA","alternateName":"Lavadoras industriales para hoteles","url":"https:\/\/novinsa.com\/lavanderia-industrial\/","logo":{"@type":"ImageObject","inLanguage":"es","@id":"https:\/\/novinsa.com\/lavanderia-industrial\/#\/schema\/logo\/image\/","url":"https:\/\/novinsa.com\/lavanderia-industrial\/wp-content\/uploads\/2023\/03\/Mesa-de-trabajo-1-copia.png","contentUrl":"https:\/\/novinsa.com\/lavanderia-industrial\/wp-content\/uploads\/2023\/03\/Mesa-de-trabajo-1-copia.png","width":1201,"height":676,"caption":"NOVINSA COMERCIAL SA"},"image":{"@id":"https:\/\/novinsa.com\/lavanderia-industrial\/#\/schema\/logo\/image\/"},"sameAs":["https:\/\/www.facebook.com\/novinsa.peru","https:\/\/www.instagram.com\/novinsa.peru\/","https:\/\/www.youtube.com\/@novinsacomercials.a.9294"]},{"@type":"Person","@id":"https:\/\/novinsa.com\/lavanderia-industrial\/#\/schema\/person\/bc8648258879a42256964db92b66a3a6","name":"Web Master","image":{"@type":"ImageObject","inLanguage":"es","@id":"https:\/\/secure.gravatar.com\/avatar\/de902f2d15fa9ade4f8fe8926f7e755c803be664d724c8dea7024166cb3c0b6d?s=96&d=mm&r=g","url":"https:\/\/secure.gravatar.com\/avatar\/de902f2d15fa9ade4f8fe8926f7e755c803be664d724c8dea7024166cb3c0b6d?s=96&d=mm&r=g","contentUrl":"https:\/\/secure.gravatar.com\/avatar\/de902f2d15fa9ade4f8fe8926f7e755c803be664d724c8dea7024166cb3c0b6d?s=96&d=mm&r=g","caption":"Web Master"},"sameAs":["https:\/\/novinsa.com\/lavanderia-industrial"]}]}},"_links":{"self":[{"href":"https:\/\/novinsa.com\/lavanderia-industrial\/wp-json\/wp\/v2\/posts\/11825","targetHints":{"allow":["GET"]}}],"collection":[{"href":"https:\/\/novinsa.com\/lavanderia-industrial\/wp-json\/wp\/v2\/posts"}],"about":[{"href":"https:\/\/novinsa.com\/lavanderia-industrial\/wp-json\/wp\/v2\/types\/post"}],"author":[{"embeddable":true,"href":"https:\/\/novinsa.com\/lavanderia-industrial\/wp-json\/wp\/v2\/users\/2"}],"replies":[{"embeddable":true,"href":"https:\/\/novinsa.com\/lavanderia-industrial\/wp-json\/wp\/v2\/comments?post=11825"}],"version-history":[{"count":0,"href":"https:\/\/novinsa.com\/lavanderia-industrial\/wp-json\/wp\/v2\/posts\/11825\/revisions"}],"wp:featuredmedia":[{"embeddable":true,"href":"https:\/\/novinsa.com\/lavanderia-industrial\/wp-json\/wp\/v2\/media\/11831"}],"wp:attachment":[{"href":"https:\/\/novinsa.com\/lavanderia-industrial\/wp-json\/wp\/v2\/media?parent=11825"}],"wp:term":[{"taxonomy":"category","embeddable":true,"href":"https:\/\/novinsa.com\/lavanderia-industrial\/wp-json\/wp\/v2\/categories?post=11825"},{"taxonomy":"post_tag","embeddable":true,"href":"https:\/\/novinsa.com\/lavanderia-industrial\/wp-json\/wp\/v2\/tags?post=11825"}],"curies":[{"name":"wp","href":"https:\/\/api.w.org\/{rel}","templated":true}]}}