{"id":11856,"date":"2025-07-14T09:46:19","date_gmt":"2025-07-14T14:46:19","guid":{"rendered":"https:\/\/novinsa.com\/lavanderia-industrial\/?p=11856"},"modified":"2025-12-02T13:33:39","modified_gmt":"2025-12-02T18:33:39","slug":"celebracion-por-el-dia-del-lavandero-profesional-3era-edicion-peru-2025","status":"publish","type":"post","link":"https:\/\/novinsa.com\/lavanderia-industrial\/celebracion-por-el-dia-del-lavandero-profesional-3era-edicion-peru-2025\/","title":{"rendered":"\u201cCELEBRACI\u00d3N POR EL D\u00cdA DEL LAVANDERO PROFESIONAL\u201d  3era EDICI\u00d3N PER\u00da 2025"},"content":{"rendered":"\t\t<div data-elementor-type=\"wp-post\" data-elementor-id=\"11856\" class=\"elementor elementor-11856\" data-elementor-post-type=\"post\">\n\t\t\t\t<div class=\"elementor-element elementor-element-b83c737 e-flex e-con-boxed wpr-particle-no wpr-jarallax-no wpr-parallax-no wpr-sticky-section-no wpr-equal-height-no e-con e-parent\" data-id=\"b83c737\" data-element_type=\"container\" data-e-type=\"container\">\n\t\t\t\t\t<div class=\"e-con-inner\">\n\t\t<div class=\"elementor-element elementor-element-7813afc e-con-full e-flex wpr-particle-no wpr-jarallax-no wpr-parallax-no wpr-sticky-section-no wpr-equal-height-no e-con e-child\" data-id=\"7813afc\" data-element_type=\"container\" data-e-type=\"container\">\n\t\t\t\t<div class=\"elementor-element elementor-element-c7acdfd elementor-widget elementor-widget-image\" data-id=\"c7acdfd\" data-element_type=\"widget\" data-e-type=\"widget\" data-widget_type=\"image.default\">\n\t\t\t\t<div class=\"elementor-widget-container\">\n\t\t\t\t\t\t\t\t\t\t\t\t\t\t\t<img fetchpriority=\"high\" decoding=\"async\" width=\"1080\" height=\"1350\" src=\"https:\/\/novinsa.com\/lavanderia-industrial\/wp-content\/uploads\/2025\/07\/post-foto-dia-del-lavandero-2025_Mesa-de-trabajo-1-copia-17_16_11zon.webp\" class=\"attachment-full size-full wp-image-11878\" alt=\"\" srcset=\"https:\/\/novinsa.com\/lavanderia-industrial\/wp-content\/uploads\/2025\/07\/post-foto-dia-del-lavandero-2025_Mesa-de-trabajo-1-copia-17_16_11zon.webp 1080w, https:\/\/novinsa.com\/lavanderia-industrial\/wp-content\/uploads\/2025\/07\/post-foto-dia-del-lavandero-2025_Mesa-de-trabajo-1-copia-17_16_11zon-240x300.webp 240w, https:\/\/novinsa.com\/lavanderia-industrial\/wp-content\/uploads\/2025\/07\/post-foto-dia-del-lavandero-2025_Mesa-de-trabajo-1-copia-17_16_11zon-819x1024.webp 819w, https:\/\/novinsa.com\/lavanderia-industrial\/wp-content\/uploads\/2025\/07\/post-foto-dia-del-lavandero-2025_Mesa-de-trabajo-1-copia-17_16_11zon-768x960.webp 768w, https:\/\/novinsa.com\/lavanderia-industrial\/wp-content\/uploads\/2025\/07\/post-foto-dia-del-lavandero-2025_Mesa-de-trabajo-1-copia-17_16_11zon-510x638.webp 510w, https:\/\/novinsa.com\/lavanderia-industrial\/wp-content\/uploads\/2025\/07\/post-foto-dia-del-lavandero-2025_Mesa-de-trabajo-1-copia-17_16_11zon-64x80.webp 64w\" sizes=\"(max-width: 1080px) 100vw, 1080px\" \/>\t\t\t\t\t\t\t\t\t\t\t\t\t\t\t<\/div>\n\t\t\t\t<\/div>\n\t\t\t\t<\/div>\n\t\t<div class=\"elementor-element elementor-element-a1c794c e-con-full e-flex wpr-particle-no wpr-jarallax-no wpr-parallax-no wpr-sticky-section-no wpr-equal-height-no e-con e-child\" data-id=\"a1c794c\" data-element_type=\"container\" data-e-type=\"container\">\n\t\t\t\t<div class=\"elementor-element elementor-element-2ddd566 elementor-widget elementor-widget-text-editor\" data-id=\"2ddd566\" data-element_type=\"widget\" data-e-type=\"widget\" data-widget_type=\"text-editor.default\">\n\t\t\t\t<div class=\"elementor-widget-container\">\n\t\t\t\t\t\t\t\t\t<p>\u00a1Una vez m\u00e1s, la pasi\u00f3n por la lavander\u00eda profesional nos reuni\u00f3! Este 2025, se llev\u00f3 a cabo la <strong data-start=\"325\" data-end=\"374\">3.\u00aa edici\u00f3n del D\u00eda del Lavandero Profesional<\/strong>, un evento especial organizado por <strong data-start=\"410\" data-end=\"420\">Prodex<\/strong> y <strong data-start=\"423\" data-end=\"434\">Novinsa<\/strong> para reconocer, capacitar y homenajear a quienes hacen posible un servicio de lavander\u00eda de calidad d\u00eda tras d\u00eda.<\/p>\t\t\t\t\t\t\t\t<\/div>\n\t\t\t\t<\/div>\n\t\t<div class=\"elementor-element elementor-element-598434d e-con-full e-flex wpr-particle-no wpr-jarallax-no wpr-parallax-no wpr-sticky-section-no wpr-equal-height-no e-con e-child\" data-id=\"598434d\" data-element_type=\"container\" data-e-type=\"container\">\n\t\t\t\t<div class=\"elementor-element elementor-element-4f47d3e elementor-widget elementor-widget-heading\" data-id=\"4f47d3e\" data-element_type=\"widget\" data-e-type=\"widget\" data-widget_type=\"heading.default\">\n\t\t\t\t<div class=\"elementor-widget-container\">\n\t\t\t\t\t<h2 class=\"elementor-heading-title elementor-size-default\">Un homenaje al esfuerzo y la excelencia en lavander\u00eda<\/h2>\t\t\t\t<\/div>\n\t\t\t\t<\/div>\n\t\t\t\t<div class=\"elementor-element elementor-element-3a54002 elementor-widget elementor-widget-text-editor\" data-id=\"3a54002\" data-element_type=\"widget\" data-e-type=\"widget\" data-widget_type=\"text-editor.default\">\n\t\t\t\t<div class=\"elementor-widget-container\">\n\t\t\t\t\t\t\t\t\t<p data-start=\"609\" data-end=\"939\">La celebraci\u00f3n fue todo un \u00e9xito y reuni\u00f3 a decenas de profesionales del rubro que d\u00eda a d\u00eda se esfuerzan por brindar un servicio impecable. Durante el evento, los asistentes participaron en capacitaciones t\u00e9cnicas, din\u00e1micas grupales, sorteos y, sobre todo, en un momento de reconocimiento por su importante labor en la sociedad.<\/p>\t\t\t\t\t\t\t\t<\/div>\n\t\t\t\t<\/div>\n\t\t\t\t<\/div>\n\t\t<div class=\"elementor-element elementor-element-d391997 e-con-full e-flex wpr-particle-no wpr-jarallax-no wpr-parallax-no wpr-sticky-section-no wpr-equal-height-no e-con e-child\" data-id=\"d391997\" data-element_type=\"container\" data-e-type=\"container\">\n\t\t\t\t<div class=\"elementor-element elementor-element-7e639d8 elementor-widget elementor-widget-heading\" data-id=\"7e639d8\" data-element_type=\"widget\" data-e-type=\"widget\" data-widget_type=\"heading.default\">\n\t\t\t\t<div class=\"elementor-widget-container\">\n\t\t\t\t\t<h2 class=\"elementor-heading-title elementor-size-default\">Certificaci\u00f3n y regalos para nuestros profesionales<\/h2>\t\t\t\t<\/div>\n\t\t\t\t<\/div>\n\t\t\t\t<div class=\"elementor-element elementor-element-3cb0612 elementor-widget elementor-widget-text-editor\" data-id=\"3cb0612\" data-element_type=\"widget\" data-e-type=\"widget\" data-widget_type=\"text-editor.default\">\n\t\t\t\t<div class=\"elementor-widget-container\">\n\t\t\t\t\t\t\t\t\t<p data-start=\"609\" data-end=\"939\">Cada participante recibi\u00f3 su <strong data-start=\"1027\" data-end=\"1059\">certificado de participaci\u00f3n<\/strong>, adem\u00e1s de kits de productos especializados y material informativo para seguir mejorando en su labor diaria. Tambi\u00e9n se present\u00f3 equipamiento moderno para lavander\u00edas y soluciones en detergencia industrial de alta eficiencia, destacando la innovaci\u00f3n que ofrecen las marcas <strong data-start=\"1334\" data-end=\"1345\">Novinsa<\/strong> y <strong data-start=\"1348\" data-end=\"1358\">Prodex<\/strong>.<\/p>\t\t\t\t\t\t\t\t<\/div>\n\t\t\t\t<\/div>\n\t\t\t\t<\/div>\n\t\t\t\t<\/div>\n\t\t\t\t\t<\/div>\n\t\t\t\t<\/div>\n\t\t<div class=\"elementor-element elementor-element-0e45967 e-flex e-con-boxed wpr-particle-no wpr-jarallax-no wpr-parallax-no wpr-sticky-section-no wpr-equal-height-no e-con e-parent\" data-id=\"0e45967\" data-element_type=\"container\" data-e-type=\"container\">\n\t\t\t\t\t<div class=\"e-con-inner\">\n\t\t<div class=\"elementor-element elementor-element-9c63926 e-con-full e-flex wpr-particle-no wpr-jarallax-no wpr-parallax-no wpr-sticky-section-no wpr-equal-height-no e-con e-child\" data-id=\"9c63926\" data-element_type=\"container\" data-e-type=\"container\">\n\t\t\t\t<div class=\"elementor-element elementor-element-3fd9df5 elementor-widget elementor-widget-heading\" data-id=\"3fd9df5\" data-element_type=\"widget\" data-e-type=\"widget\" data-widget_type=\"heading.default\">\n\t\t\t\t<div class=\"elementor-widget-container\">\n\t\t\t\t\t<h2 class=\"elementor-heading-title elementor-size-default\">\u00bfPor qu\u00e9 celebramos el D\u00eda del Lavandero Profesional?<\/h2>\t\t\t\t<\/div>\n\t\t\t\t<\/div>\n\t\t\t\t<div class=\"elementor-element elementor-element-3e4a333 elementor-widget elementor-widget-text-editor\" data-id=\"3e4a333\" data-element_type=\"widget\" data-e-type=\"widget\" data-widget_type=\"text-editor.default\">\n\t\t\t\t<div class=\"elementor-widget-container\">\n\t\t\t\t\t\t\t\t\t<p data-start=\"1420\" data-end=\"1760\">Porque creemos firmemente que <strong data-start=\"1450\" data-end=\"1520\">el trabajo de un lavandero o lavandera va m\u00e1s all\u00e1 de limpiar ropa<\/strong>. Es un oficio que requiere t\u00e9cnica, compromiso, experiencia y mucho esfuerzo. Con este evento, buscamos <strong data-start=\"1625\" data-end=\"1669\">darle el valor que merece esta profesi\u00f3n<\/strong>, fomentar el aprendizaje constante y construir una comunidad m\u00e1s fuerte dentro del sector.<\/p>\t\t\t\t\t\t\t\t<\/div>\n\t\t\t\t<\/div>\n\t\t\t\t<div class=\"elementor-element elementor-element-7c3e7ef elementor-widget elementor-widget-heading\" data-id=\"7c3e7ef\" data-element_type=\"widget\" data-e-type=\"widget\" data-widget_type=\"heading.default\">\n\t\t\t\t<div class=\"elementor-widget-container\">\n\t\t\t\t\t<h2 class=\"elementor-heading-title elementor-size-default\">\u00a1Gracias por ser parte de esta gran familia!<\/h2>\t\t\t\t<\/div>\n\t\t\t\t<\/div>\n\t\t\t\t<div class=\"elementor-element elementor-element-ac5627d elementor-widget elementor-widget-text-editor\" data-id=\"ac5627d\" data-element_type=\"widget\" data-e-type=\"widget\" data-widget_type=\"text-editor.default\">\n\t\t\t\t<div class=\"elementor-widget-container\">\n\t\t\t\t\t\t\t\t\t<p data-start=\"1812\" data-end=\"2080\">Desde <strong data-start=\"1818\" data-end=\"1828\">Prodex<\/strong> y <strong data-start=\"1831\" data-end=\"1842\">Novinsa<\/strong>, agradecemos profundamente a todos los participantes y aliados que hicieron posible esta tercera edici\u00f3n. Seguiremos trabajando para ofrecer m\u00e1s espacios de formaci\u00f3n, reconocimiento y desarrollo para el sector de lavander\u00eda profesional.<\/p>\t\t\t\t\t\t\t\t<\/div>\n\t\t\t\t<\/div>\n\t\t\t\t<\/div>\n\t\t\t\t\t<\/div>\n\t\t\t\t<\/div>\n\t\t<div class=\"elementor-element elementor-element-37c3a6d e-flex e-con-boxed wpr-particle-no wpr-jarallax-no wpr-parallax-no wpr-sticky-section-no wpr-equal-height-no e-con e-parent\" data-id=\"37c3a6d\" data-element_type=\"container\" data-e-type=\"container\">\n\t\t\t\t\t<div class=\"e-con-inner\">\n\t\t\t\t<div class=\"elementor-element elementor-element-f59449d elementor-widget elementor-widget-heading\" data-id=\"f59449d\" data-element_type=\"widget\" data-e-type=\"widget\" data-widget_type=\"heading.default\">\n\t\t\t\t<div class=\"elementor-widget-container\">\n\t\t\t\t\t<h2 class=\"elementor-heading-title elementor-size-default\">GALER\u00cdA DE FOTOS<\/h2>\t\t\t\t<\/div>\n\t\t\t\t<\/div>\n\t\t\t\t<div class=\"elementor-element elementor-element-20a7d68 elementor-widget elementor-widget-image-gallery\" data-id=\"20a7d68\" data-element_type=\"widget\" data-e-type=\"widget\" data-widget_type=\"image-gallery.default\">\n\t\t\t\t<div class=\"elementor-widget-container\">\n\t\t\t\t\t\t\t<div class=\"elementor-image-gallery\">\n\t\t\t<div id='gallery-1' class='gallery galleryid-11856 gallery-columns-3 gallery-size-full'><figure class='gallery-item'>\n\t\t\t<div class='gallery-icon portrait'>\n\t\t\t\t<a data-elementor-open-lightbox=\"yes\" data-elementor-lightbox-slideshow=\"20a7d68\" data-elementor-lightbox-title=\"post foto dia del lavandero 2025_Mesa de trabajo 1 copia 17_16_11zon\" data-e-action-hash=\"#elementor-action%3Aaction%3Dlightbox%26settings%3DeyJpZCI6MTE4NzgsInVybCI6Imh0dHBzOlwvXC9ub3ZpbnNhLmNvbVwvbGF2YW5kZXJpYS1pbmR1c3RyaWFsXC93cC1jb250ZW50XC91cGxvYWRzXC8yMDI1XC8wN1wvcG9zdC1mb3RvLWRpYS1kZWwtbGF2YW5kZXJvLTIwMjVfTWVzYS1kZS10cmFiYWpvLTEtY29waWEtMTdfMTZfMTF6b24ud2VicCIsInNsaWRlc2hvdyI6IjIwYTdkNjgifQ%3D%3D\" href='https:\/\/novinsa.com\/lavanderia-industrial\/wp-content\/uploads\/2025\/07\/post-foto-dia-del-lavandero-2025_Mesa-de-trabajo-1-copia-17_16_11zon.webp'><img decoding=\"async\" width=\"1080\" height=\"1350\" src=\"https:\/\/novinsa.com\/lavanderia-industrial\/wp-content\/uploads\/2025\/07\/post-foto-dia-del-lavandero-2025_Mesa-de-trabajo-1-copia-17_16_11zon.webp\" class=\"attachment-full size-full\" alt=\"\" srcset=\"https:\/\/novinsa.com\/lavanderia-industrial\/wp-content\/uploads\/2025\/07\/post-foto-dia-del-lavandero-2025_Mesa-de-trabajo-1-copia-17_16_11zon.webp 1080w, https:\/\/novinsa.com\/lavanderia-industrial\/wp-content\/uploads\/2025\/07\/post-foto-dia-del-lavandero-2025_Mesa-de-trabajo-1-copia-17_16_11zon-240x300.webp 240w, https:\/\/novinsa.com\/lavanderia-industrial\/wp-content\/uploads\/2025\/07\/post-foto-dia-del-lavandero-2025_Mesa-de-trabajo-1-copia-17_16_11zon-819x1024.webp 819w, https:\/\/novinsa.com\/lavanderia-industrial\/wp-content\/uploads\/2025\/07\/post-foto-dia-del-lavandero-2025_Mesa-de-trabajo-1-copia-17_16_11zon-768x960.webp 768w, https:\/\/novinsa.com\/lavanderia-industrial\/wp-content\/uploads\/2025\/07\/post-foto-dia-del-lavandero-2025_Mesa-de-trabajo-1-copia-17_16_11zon-510x638.webp 510w, https:\/\/novinsa.com\/lavanderia-industrial\/wp-content\/uploads\/2025\/07\/post-foto-dia-del-lavandero-2025_Mesa-de-trabajo-1-copia-17_16_11zon-64x80.webp 64w\" sizes=\"(max-width: 1080px) 100vw, 1080px\" \/><\/a>\n\t\t\t<\/div><\/figure><figure class='gallery-item'>\n\t\t\t<div class='gallery-icon portrait'>\n\t\t\t\t<a data-elementor-open-lightbox=\"yes\" data-elementor-lightbox-slideshow=\"20a7d68\" data-elementor-lightbox-title=\"post foto dia del lavandero 2025_Mesa de trabajo 1 copia 16_15_11zon\" data-e-action-hash=\"#elementor-action%3Aaction%3Dlightbox%26settings%3DeyJpZCI6MTE4NzcsInVybCI6Imh0dHBzOlwvXC9ub3ZpbnNhLmNvbVwvbGF2YW5kZXJpYS1pbmR1c3RyaWFsXC93cC1jb250ZW50XC91cGxvYWRzXC8yMDI1XC8wN1wvcG9zdC1mb3RvLWRpYS1kZWwtbGF2YW5kZXJvLTIwMjVfTWVzYS1kZS10cmFiYWpvLTEtY29waWEtMTZfMTVfMTF6b24ud2VicCIsInNsaWRlc2hvdyI6IjIwYTdkNjgifQ%3D%3D\" href='https:\/\/novinsa.com\/lavanderia-industrial\/wp-content\/uploads\/2025\/07\/post-foto-dia-del-lavandero-2025_Mesa-de-trabajo-1-copia-16_15_11zon.webp'><img decoding=\"async\" width=\"1080\" height=\"1350\" src=\"https:\/\/novinsa.com\/lavanderia-industrial\/wp-content\/uploads\/2025\/07\/post-foto-dia-del-lavandero-2025_Mesa-de-trabajo-1-copia-16_15_11zon.webp\" class=\"attachment-full size-full\" alt=\"\" srcset=\"https:\/\/novinsa.com\/lavanderia-industrial\/wp-content\/uploads\/2025\/07\/post-foto-dia-del-lavandero-2025_Mesa-de-trabajo-1-copia-16_15_11zon.webp 1080w, https:\/\/novinsa.com\/lavanderia-industrial\/wp-content\/uploads\/2025\/07\/post-foto-dia-del-lavandero-2025_Mesa-de-trabajo-1-copia-16_15_11zon-240x300.webp 240w, https:\/\/novinsa.com\/lavanderia-industrial\/wp-content\/uploads\/2025\/07\/post-foto-dia-del-lavandero-2025_Mesa-de-trabajo-1-copia-16_15_11zon-819x1024.webp 819w, https:\/\/novinsa.com\/lavanderia-industrial\/wp-content\/uploads\/2025\/07\/post-foto-dia-del-lavandero-2025_Mesa-de-trabajo-1-copia-16_15_11zon-768x960.webp 768w, https:\/\/novinsa.com\/lavanderia-industrial\/wp-content\/uploads\/2025\/07\/post-foto-dia-del-lavandero-2025_Mesa-de-trabajo-1-copia-16_15_11zon-510x638.webp 510w, https:\/\/novinsa.com\/lavanderia-industrial\/wp-content\/uploads\/2025\/07\/post-foto-dia-del-lavandero-2025_Mesa-de-trabajo-1-copia-16_15_11zon-64x80.webp 64w\" sizes=\"(max-width: 1080px) 100vw, 1080px\" \/><\/a>\n\t\t\t<\/div><\/figure><figure class='gallery-item'>\n\t\t\t<div class='gallery-icon portrait'>\n\t\t\t\t<a data-elementor-open-lightbox=\"yes\" data-elementor-lightbox-slideshow=\"20a7d68\" data-elementor-lightbox-title=\"post foto dia del lavandero 2025_Mesa de trabajo 1 copia 15_14_11zon\" data-e-action-hash=\"#elementor-action%3Aaction%3Dlightbox%26settings%3DeyJpZCI6MTE4NzYsInVybCI6Imh0dHBzOlwvXC9ub3ZpbnNhLmNvbVwvbGF2YW5kZXJpYS1pbmR1c3RyaWFsXC93cC1jb250ZW50XC91cGxvYWRzXC8yMDI1XC8wN1wvcG9zdC1mb3RvLWRpYS1kZWwtbGF2YW5kZXJvLTIwMjVfTWVzYS1kZS10cmFiYWpvLTEtY29waWEtMTVfMTRfMTF6b24ud2VicCIsInNsaWRlc2hvdyI6IjIwYTdkNjgifQ%3D%3D\" href='https:\/\/novinsa.com\/lavanderia-industrial\/wp-content\/uploads\/2025\/07\/post-foto-dia-del-lavandero-2025_Mesa-de-trabajo-1-copia-15_14_11zon.webp'><img loading=\"lazy\" decoding=\"async\" width=\"1080\" height=\"1350\" src=\"https:\/\/novinsa.com\/lavanderia-industrial\/wp-content\/uploads\/2025\/07\/post-foto-dia-del-lavandero-2025_Mesa-de-trabajo-1-copia-15_14_11zon.webp\" class=\"attachment-full size-full\" alt=\"\" srcset=\"https:\/\/novinsa.com\/lavanderia-industrial\/wp-content\/uploads\/2025\/07\/post-foto-dia-del-lavandero-2025_Mesa-de-trabajo-1-copia-15_14_11zon.webp 1080w, https:\/\/novinsa.com\/lavanderia-industrial\/wp-content\/uploads\/2025\/07\/post-foto-dia-del-lavandero-2025_Mesa-de-trabajo-1-copia-15_14_11zon-240x300.webp 240w, https:\/\/novinsa.com\/lavanderia-industrial\/wp-content\/uploads\/2025\/07\/post-foto-dia-del-lavandero-2025_Mesa-de-trabajo-1-copia-15_14_11zon-819x1024.webp 819w, https:\/\/novinsa.com\/lavanderia-industrial\/wp-content\/uploads\/2025\/07\/post-foto-dia-del-lavandero-2025_Mesa-de-trabajo-1-copia-15_14_11zon-768x960.webp 768w, https:\/\/novinsa.com\/lavanderia-industrial\/wp-content\/uploads\/2025\/07\/post-foto-dia-del-lavandero-2025_Mesa-de-trabajo-1-copia-15_14_11zon-510x638.webp 510w, https:\/\/novinsa.com\/lavanderia-industrial\/wp-content\/uploads\/2025\/07\/post-foto-dia-del-lavandero-2025_Mesa-de-trabajo-1-copia-15_14_11zon-64x80.webp 64w\" sizes=\"(max-width: 1080px) 100vw, 1080px\" \/><\/a>\n\t\t\t<\/div><\/figure><figure class='gallery-item'>\n\t\t\t<div class='gallery-icon portrait'>\n\t\t\t\t<a data-elementor-open-lightbox=\"yes\" data-elementor-lightbox-slideshow=\"20a7d68\" data-elementor-lightbox-title=\"post foto dia del lavandero 2025_Mesa de trabajo 1 copia 14_13_11zon\" data-e-action-hash=\"#elementor-action%3Aaction%3Dlightbox%26settings%3DeyJpZCI6MTE4NzUsInVybCI6Imh0dHBzOlwvXC9ub3ZpbnNhLmNvbVwvbGF2YW5kZXJpYS1pbmR1c3RyaWFsXC93cC1jb250ZW50XC91cGxvYWRzXC8yMDI1XC8wN1wvcG9zdC1mb3RvLWRpYS1kZWwtbGF2YW5kZXJvLTIwMjVfTWVzYS1kZS10cmFiYWpvLTEtY29waWEtMTRfMTNfMTF6b24ud2VicCIsInNsaWRlc2hvdyI6IjIwYTdkNjgifQ%3D%3D\" href='https:\/\/novinsa.com\/lavanderia-industrial\/wp-content\/uploads\/2025\/07\/post-foto-dia-del-lavandero-2025_Mesa-de-trabajo-1-copia-14_13_11zon.webp'><img loading=\"lazy\" decoding=\"async\" width=\"1080\" height=\"1350\" src=\"https:\/\/novinsa.com\/lavanderia-industrial\/wp-content\/uploads\/2025\/07\/post-foto-dia-del-lavandero-2025_Mesa-de-trabajo-1-copia-14_13_11zon.webp\" class=\"attachment-full size-full\" alt=\"\" srcset=\"https:\/\/novinsa.com\/lavanderia-industrial\/wp-content\/uploads\/2025\/07\/post-foto-dia-del-lavandero-2025_Mesa-de-trabajo-1-copia-14_13_11zon.webp 1080w, https:\/\/novinsa.com\/lavanderia-industrial\/wp-content\/uploads\/2025\/07\/post-foto-dia-del-lavandero-2025_Mesa-de-trabajo-1-copia-14_13_11zon-240x300.webp 240w, https:\/\/novinsa.com\/lavanderia-industrial\/wp-content\/uploads\/2025\/07\/post-foto-dia-del-lavandero-2025_Mesa-de-trabajo-1-copia-14_13_11zon-819x1024.webp 819w, https:\/\/novinsa.com\/lavanderia-industrial\/wp-content\/uploads\/2025\/07\/post-foto-dia-del-lavandero-2025_Mesa-de-trabajo-1-copia-14_13_11zon-768x960.webp 768w, https:\/\/novinsa.com\/lavanderia-industrial\/wp-content\/uploads\/2025\/07\/post-foto-dia-del-lavandero-2025_Mesa-de-trabajo-1-copia-14_13_11zon-510x638.webp 510w, https:\/\/novinsa.com\/lavanderia-industrial\/wp-content\/uploads\/2025\/07\/post-foto-dia-del-lavandero-2025_Mesa-de-trabajo-1-copia-14_13_11zon-64x80.webp 64w\" sizes=\"(max-width: 1080px) 100vw, 1080px\" \/><\/a>\n\t\t\t<\/div><\/figure><figure class='gallery-item'>\n\t\t\t<div class='gallery-icon portrait'>\n\t\t\t\t<a data-elementor-open-lightbox=\"yes\" data-elementor-lightbox-slideshow=\"20a7d68\" data-elementor-lightbox-title=\"post foto dia del lavandero 2025_Mesa de trabajo 1 copia 13_12_11zon\" data-e-action-hash=\"#elementor-action%3Aaction%3Dlightbox%26settings%3DeyJpZCI6MTE4NzMsInVybCI6Imh0dHBzOlwvXC9ub3ZpbnNhLmNvbVwvbGF2YW5kZXJpYS1pbmR1c3RyaWFsXC93cC1jb250ZW50XC91cGxvYWRzXC8yMDI1XC8wN1wvcG9zdC1mb3RvLWRpYS1kZWwtbGF2YW5kZXJvLTIwMjVfTWVzYS1kZS10cmFiYWpvLTEtY29waWEtMTNfMTJfMTF6b24ud2VicCIsInNsaWRlc2hvdyI6IjIwYTdkNjgifQ%3D%3D\" href='https:\/\/novinsa.com\/lavanderia-industrial\/wp-content\/uploads\/2025\/07\/post-foto-dia-del-lavandero-2025_Mesa-de-trabajo-1-copia-13_12_11zon.webp'><img loading=\"lazy\" decoding=\"async\" width=\"1080\" height=\"1350\" src=\"https:\/\/novinsa.com\/lavanderia-industrial\/wp-content\/uploads\/2025\/07\/post-foto-dia-del-lavandero-2025_Mesa-de-trabajo-1-copia-13_12_11zon.webp\" class=\"attachment-full size-full\" alt=\"\" srcset=\"https:\/\/novinsa.com\/lavanderia-industrial\/wp-content\/uploads\/2025\/07\/post-foto-dia-del-lavandero-2025_Mesa-de-trabajo-1-copia-13_12_11zon.webp 1080w, https:\/\/novinsa.com\/lavanderia-industrial\/wp-content\/uploads\/2025\/07\/post-foto-dia-del-lavandero-2025_Mesa-de-trabajo-1-copia-13_12_11zon-240x300.webp 240w, https:\/\/novinsa.com\/lavanderia-industrial\/wp-content\/uploads\/2025\/07\/post-foto-dia-del-lavandero-2025_Mesa-de-trabajo-1-copia-13_12_11zon-819x1024.webp 819w, https:\/\/novinsa.com\/lavanderia-industrial\/wp-content\/uploads\/2025\/07\/post-foto-dia-del-lavandero-2025_Mesa-de-trabajo-1-copia-13_12_11zon-768x960.webp 768w, https:\/\/novinsa.com\/lavanderia-industrial\/wp-content\/uploads\/2025\/07\/post-foto-dia-del-lavandero-2025_Mesa-de-trabajo-1-copia-13_12_11zon-510x638.webp 510w, https:\/\/novinsa.com\/lavanderia-industrial\/wp-content\/uploads\/2025\/07\/post-foto-dia-del-lavandero-2025_Mesa-de-trabajo-1-copia-13_12_11zon-64x80.webp 64w\" sizes=\"(max-width: 1080px) 100vw, 1080px\" \/><\/a>\n\t\t\t<\/div><\/figure><figure class='gallery-item'>\n\t\t\t<div class='gallery-icon portrait'>\n\t\t\t\t<a data-elementor-open-lightbox=\"yes\" data-elementor-lightbox-slideshow=\"20a7d68\" data-elementor-lightbox-title=\"post foto dia del lavandero 2025_Mesa de trabajo 1 copia 12_11_11zon\" data-e-action-hash=\"#elementor-action%3Aaction%3Dlightbox%26settings%3DeyJpZCI6MTE4NzIsInVybCI6Imh0dHBzOlwvXC9ub3ZpbnNhLmNvbVwvbGF2YW5kZXJpYS1pbmR1c3RyaWFsXC93cC1jb250ZW50XC91cGxvYWRzXC8yMDI1XC8wN1wvcG9zdC1mb3RvLWRpYS1kZWwtbGF2YW5kZXJvLTIwMjVfTWVzYS1kZS10cmFiYWpvLTEtY29waWEtMTJfMTFfMTF6b24ud2VicCIsInNsaWRlc2hvdyI6IjIwYTdkNjgifQ%3D%3D\" href='https:\/\/novinsa.com\/lavanderia-industrial\/wp-content\/uploads\/2025\/07\/post-foto-dia-del-lavandero-2025_Mesa-de-trabajo-1-copia-12_11_11zon.webp'><img loading=\"lazy\" decoding=\"async\" width=\"1080\" height=\"1350\" src=\"https:\/\/novinsa.com\/lavanderia-industrial\/wp-content\/uploads\/2025\/07\/post-foto-dia-del-lavandero-2025_Mesa-de-trabajo-1-copia-12_11_11zon.webp\" class=\"attachment-full size-full\" alt=\"\" srcset=\"https:\/\/novinsa.com\/lavanderia-industrial\/wp-content\/uploads\/2025\/07\/post-foto-dia-del-lavandero-2025_Mesa-de-trabajo-1-copia-12_11_11zon.webp 1080w, https:\/\/novinsa.com\/lavanderia-industrial\/wp-content\/uploads\/2025\/07\/post-foto-dia-del-lavandero-2025_Mesa-de-trabajo-1-copia-12_11_11zon-240x300.webp 240w, https:\/\/novinsa.com\/lavanderia-industrial\/wp-content\/uploads\/2025\/07\/post-foto-dia-del-lavandero-2025_Mesa-de-trabajo-1-copia-12_11_11zon-819x1024.webp 819w, https:\/\/novinsa.com\/lavanderia-industrial\/wp-content\/uploads\/2025\/07\/post-foto-dia-del-lavandero-2025_Mesa-de-trabajo-1-copia-12_11_11zon-768x960.webp 768w, https:\/\/novinsa.com\/lavanderia-industrial\/wp-content\/uploads\/2025\/07\/post-foto-dia-del-lavandero-2025_Mesa-de-trabajo-1-copia-12_11_11zon-510x638.webp 510w, https:\/\/novinsa.com\/lavanderia-industrial\/wp-content\/uploads\/2025\/07\/post-foto-dia-del-lavandero-2025_Mesa-de-trabajo-1-copia-12_11_11zon-64x80.webp 64w\" sizes=\"(max-width: 1080px) 100vw, 1080px\" \/><\/a>\n\t\t\t<\/div><\/figure><figure class='gallery-item'>\n\t\t\t<div class='gallery-icon portrait'>\n\t\t\t\t<a data-elementor-open-lightbox=\"yes\" data-elementor-lightbox-slideshow=\"20a7d68\" data-elementor-lightbox-title=\"post foto dia del lavandero 2025_Mesa de trabajo 1 copia 11_10_11zon\" data-e-action-hash=\"#elementor-action%3Aaction%3Dlightbox%26settings%3DeyJpZCI6MTE4NzEsInVybCI6Imh0dHBzOlwvXC9ub3ZpbnNhLmNvbVwvbGF2YW5kZXJpYS1pbmR1c3RyaWFsXC93cC1jb250ZW50XC91cGxvYWRzXC8yMDI1XC8wN1wvcG9zdC1mb3RvLWRpYS1kZWwtbGF2YW5kZXJvLTIwMjVfTWVzYS1kZS10cmFiYWpvLTEtY29waWEtMTFfMTBfMTF6b24ud2VicCIsInNsaWRlc2hvdyI6IjIwYTdkNjgifQ%3D%3D\" href='https:\/\/novinsa.com\/lavanderia-industrial\/wp-content\/uploads\/2025\/07\/post-foto-dia-del-lavandero-2025_Mesa-de-trabajo-1-copia-11_10_11zon.webp'><img loading=\"lazy\" decoding=\"async\" width=\"1080\" height=\"1350\" src=\"https:\/\/novinsa.com\/lavanderia-industrial\/wp-content\/uploads\/2025\/07\/post-foto-dia-del-lavandero-2025_Mesa-de-trabajo-1-copia-11_10_11zon.webp\" class=\"attachment-full size-full\" alt=\"\" srcset=\"https:\/\/novinsa.com\/lavanderia-industrial\/wp-content\/uploads\/2025\/07\/post-foto-dia-del-lavandero-2025_Mesa-de-trabajo-1-copia-11_10_11zon.webp 1080w, https:\/\/novinsa.com\/lavanderia-industrial\/wp-content\/uploads\/2025\/07\/post-foto-dia-del-lavandero-2025_Mesa-de-trabajo-1-copia-11_10_11zon-240x300.webp 240w, https:\/\/novinsa.com\/lavanderia-industrial\/wp-content\/uploads\/2025\/07\/post-foto-dia-del-lavandero-2025_Mesa-de-trabajo-1-copia-11_10_11zon-819x1024.webp 819w, https:\/\/novinsa.com\/lavanderia-industrial\/wp-content\/uploads\/2025\/07\/post-foto-dia-del-lavandero-2025_Mesa-de-trabajo-1-copia-11_10_11zon-768x960.webp 768w, https:\/\/novinsa.com\/lavanderia-industrial\/wp-content\/uploads\/2025\/07\/post-foto-dia-del-lavandero-2025_Mesa-de-trabajo-1-copia-11_10_11zon-510x638.webp 510w, https:\/\/novinsa.com\/lavanderia-industrial\/wp-content\/uploads\/2025\/07\/post-foto-dia-del-lavandero-2025_Mesa-de-trabajo-1-copia-11_10_11zon-64x80.webp 64w\" sizes=\"(max-width: 1080px) 100vw, 1080px\" \/><\/a>\n\t\t\t<\/div><\/figure><figure class='gallery-item'>\n\t\t\t<div class='gallery-icon portrait'>\n\t\t\t\t<a data-elementor-open-lightbox=\"yes\" data-elementor-lightbox-slideshow=\"20a7d68\" data-elementor-lightbox-title=\"post foto dia del lavandero 2025_Mesa de trabajo 1 copia 10_9_11zon\" data-e-action-hash=\"#elementor-action%3Aaction%3Dlightbox%26settings%3DeyJpZCI6MTE4NzAsInVybCI6Imh0dHBzOlwvXC9ub3ZpbnNhLmNvbVwvbGF2YW5kZXJpYS1pbmR1c3RyaWFsXC93cC1jb250ZW50XC91cGxvYWRzXC8yMDI1XC8wN1wvcG9zdC1mb3RvLWRpYS1kZWwtbGF2YW5kZXJvLTIwMjVfTWVzYS1kZS10cmFiYWpvLTEtY29waWEtMTBfOV8xMXpvbi53ZWJwIiwic2xpZGVzaG93IjoiMjBhN2Q2OCJ9\" href='https:\/\/novinsa.com\/lavanderia-industrial\/wp-content\/uploads\/2025\/07\/post-foto-dia-del-lavandero-2025_Mesa-de-trabajo-1-copia-10_9_11zon.webp'><img loading=\"lazy\" decoding=\"async\" width=\"1080\" height=\"1350\" src=\"https:\/\/novinsa.com\/lavanderia-industrial\/wp-content\/uploads\/2025\/07\/post-foto-dia-del-lavandero-2025_Mesa-de-trabajo-1-copia-10_9_11zon.webp\" class=\"attachment-full size-full\" alt=\"\" srcset=\"https:\/\/novinsa.com\/lavanderia-industrial\/wp-content\/uploads\/2025\/07\/post-foto-dia-del-lavandero-2025_Mesa-de-trabajo-1-copia-10_9_11zon.webp 1080w, https:\/\/novinsa.com\/lavanderia-industrial\/wp-content\/uploads\/2025\/07\/post-foto-dia-del-lavandero-2025_Mesa-de-trabajo-1-copia-10_9_11zon-240x300.webp 240w, https:\/\/novinsa.com\/lavanderia-industrial\/wp-content\/uploads\/2025\/07\/post-foto-dia-del-lavandero-2025_Mesa-de-trabajo-1-copia-10_9_11zon-819x1024.webp 819w, https:\/\/novinsa.com\/lavanderia-industrial\/wp-content\/uploads\/2025\/07\/post-foto-dia-del-lavandero-2025_Mesa-de-trabajo-1-copia-10_9_11zon-768x960.webp 768w, https:\/\/novinsa.com\/lavanderia-industrial\/wp-content\/uploads\/2025\/07\/post-foto-dia-del-lavandero-2025_Mesa-de-trabajo-1-copia-10_9_11zon-510x638.webp 510w, https:\/\/novinsa.com\/lavanderia-industrial\/wp-content\/uploads\/2025\/07\/post-foto-dia-del-lavandero-2025_Mesa-de-trabajo-1-copia-10_9_11zon-64x80.webp 64w\" sizes=\"(max-width: 1080px) 100vw, 1080px\" \/><\/a>\n\t\t\t<\/div><\/figure><figure class='gallery-item'>\n\t\t\t<div class='gallery-icon portrait'>\n\t\t\t\t<a data-elementor-open-lightbox=\"yes\" data-elementor-lightbox-slideshow=\"20a7d68\" data-elementor-lightbox-title=\"post foto dia del lavandero 2025_Mesa de trabajo 1 copia 9_8_11zon\" data-e-action-hash=\"#elementor-action%3Aaction%3Dlightbox%26settings%3DeyJpZCI6MTE4NjksInVybCI6Imh0dHBzOlwvXC9ub3ZpbnNhLmNvbVwvbGF2YW5kZXJpYS1pbmR1c3RyaWFsXC93cC1jb250ZW50XC91cGxvYWRzXC8yMDI1XC8wN1wvcG9zdC1mb3RvLWRpYS1kZWwtbGF2YW5kZXJvLTIwMjVfTWVzYS1kZS10cmFiYWpvLTEtY29waWEtOV84XzExem9uLndlYnAiLCJzbGlkZXNob3ciOiIyMGE3ZDY4In0%3D\" href='https:\/\/novinsa.com\/lavanderia-industrial\/wp-content\/uploads\/2025\/07\/post-foto-dia-del-lavandero-2025_Mesa-de-trabajo-1-copia-9_8_11zon.webp'><img loading=\"lazy\" decoding=\"async\" width=\"1080\" height=\"1350\" src=\"https:\/\/novinsa.com\/lavanderia-industrial\/wp-content\/uploads\/2025\/07\/post-foto-dia-del-lavandero-2025_Mesa-de-trabajo-1-copia-9_8_11zon.webp\" class=\"attachment-full size-full\" alt=\"\" srcset=\"https:\/\/novinsa.com\/lavanderia-industrial\/wp-content\/uploads\/2025\/07\/post-foto-dia-del-lavandero-2025_Mesa-de-trabajo-1-copia-9_8_11zon.webp 1080w, https:\/\/novinsa.com\/lavanderia-industrial\/wp-content\/uploads\/2025\/07\/post-foto-dia-del-lavandero-2025_Mesa-de-trabajo-1-copia-9_8_11zon-240x300.webp 240w, https:\/\/novinsa.com\/lavanderia-industrial\/wp-content\/uploads\/2025\/07\/post-foto-dia-del-lavandero-2025_Mesa-de-trabajo-1-copia-9_8_11zon-819x1024.webp 819w, https:\/\/novinsa.com\/lavanderia-industrial\/wp-content\/uploads\/2025\/07\/post-foto-dia-del-lavandero-2025_Mesa-de-trabajo-1-copia-9_8_11zon-768x960.webp 768w, https:\/\/novinsa.com\/lavanderia-industrial\/wp-content\/uploads\/2025\/07\/post-foto-dia-del-lavandero-2025_Mesa-de-trabajo-1-copia-9_8_11zon-510x638.webp 510w, https:\/\/novinsa.com\/lavanderia-industrial\/wp-content\/uploads\/2025\/07\/post-foto-dia-del-lavandero-2025_Mesa-de-trabajo-1-copia-9_8_11zon-64x80.webp 64w\" sizes=\"(max-width: 1080px) 100vw, 1080px\" \/><\/a>\n\t\t\t<\/div><\/figure><figure class='gallery-item'>\n\t\t\t<div class='gallery-icon portrait'>\n\t\t\t\t<a data-elementor-open-lightbox=\"yes\" data-elementor-lightbox-slideshow=\"20a7d68\" data-elementor-lightbox-title=\"post foto dia del lavandero 2025_Mesa de trabajo 1 copia 8_7_11zon\" data-e-action-hash=\"#elementor-action%3Aaction%3Dlightbox%26settings%3DeyJpZCI6MTE4NjgsInVybCI6Imh0dHBzOlwvXC9ub3ZpbnNhLmNvbVwvbGF2YW5kZXJpYS1pbmR1c3RyaWFsXC93cC1jb250ZW50XC91cGxvYWRzXC8yMDI1XC8wN1wvcG9zdC1mb3RvLWRpYS1kZWwtbGF2YW5kZXJvLTIwMjVfTWVzYS1kZS10cmFiYWpvLTEtY29waWEtOF83XzExem9uLndlYnAiLCJzbGlkZXNob3ciOiIyMGE3ZDY4In0%3D\" href='https:\/\/novinsa.com\/lavanderia-industrial\/wp-content\/uploads\/2025\/07\/post-foto-dia-del-lavandero-2025_Mesa-de-trabajo-1-copia-8_7_11zon.webp'><img loading=\"lazy\" decoding=\"async\" width=\"1080\" height=\"1350\" src=\"https:\/\/novinsa.com\/lavanderia-industrial\/wp-content\/uploads\/2025\/07\/post-foto-dia-del-lavandero-2025_Mesa-de-trabajo-1-copia-8_7_11zon.webp\" class=\"attachment-full size-full\" alt=\"\" srcset=\"https:\/\/novinsa.com\/lavanderia-industrial\/wp-content\/uploads\/2025\/07\/post-foto-dia-del-lavandero-2025_Mesa-de-trabajo-1-copia-8_7_11zon.webp 1080w, https:\/\/novinsa.com\/lavanderia-industrial\/wp-content\/uploads\/2025\/07\/post-foto-dia-del-lavandero-2025_Mesa-de-trabajo-1-copia-8_7_11zon-240x300.webp 240w, https:\/\/novinsa.com\/lavanderia-industrial\/wp-content\/uploads\/2025\/07\/post-foto-dia-del-lavandero-2025_Mesa-de-trabajo-1-copia-8_7_11zon-819x1024.webp 819w, https:\/\/novinsa.com\/lavanderia-industrial\/wp-content\/uploads\/2025\/07\/post-foto-dia-del-lavandero-2025_Mesa-de-trabajo-1-copia-8_7_11zon-768x960.webp 768w, https:\/\/novinsa.com\/lavanderia-industrial\/wp-content\/uploads\/2025\/07\/post-foto-dia-del-lavandero-2025_Mesa-de-trabajo-1-copia-8_7_11zon-510x638.webp 510w, https:\/\/novinsa.com\/lavanderia-industrial\/wp-content\/uploads\/2025\/07\/post-foto-dia-del-lavandero-2025_Mesa-de-trabajo-1-copia-8_7_11zon-64x80.webp 64w\" sizes=\"(max-width: 1080px) 100vw, 1080px\" \/><\/a>\n\t\t\t<\/div><\/figure><figure class='gallery-item'>\n\t\t\t<div class='gallery-icon portrait'>\n\t\t\t\t<a data-elementor-open-lightbox=\"yes\" data-elementor-lightbox-slideshow=\"20a7d68\" data-elementor-lightbox-title=\"post foto dia del lavandero 2025_Mesa de trabajo 1 copia 7_6_11zon\" data-e-action-hash=\"#elementor-action%3Aaction%3Dlightbox%26settings%3DeyJpZCI6MTE4NjcsInVybCI6Imh0dHBzOlwvXC9ub3ZpbnNhLmNvbVwvbGF2YW5kZXJpYS1pbmR1c3RyaWFsXC93cC1jb250ZW50XC91cGxvYWRzXC8yMDI1XC8wN1wvcG9zdC1mb3RvLWRpYS1kZWwtbGF2YW5kZXJvLTIwMjVfTWVzYS1kZS10cmFiYWpvLTEtY29waWEtN182XzExem9uLndlYnAiLCJzbGlkZXNob3ciOiIyMGE3ZDY4In0%3D\" href='https:\/\/novinsa.com\/lavanderia-industrial\/wp-content\/uploads\/2025\/07\/post-foto-dia-del-lavandero-2025_Mesa-de-trabajo-1-copia-7_6_11zon.webp'><img loading=\"lazy\" decoding=\"async\" width=\"1080\" height=\"1350\" src=\"https:\/\/novinsa.com\/lavanderia-industrial\/wp-content\/uploads\/2025\/07\/post-foto-dia-del-lavandero-2025_Mesa-de-trabajo-1-copia-7_6_11zon.webp\" class=\"attachment-full size-full\" alt=\"\" srcset=\"https:\/\/novinsa.com\/lavanderia-industrial\/wp-content\/uploads\/2025\/07\/post-foto-dia-del-lavandero-2025_Mesa-de-trabajo-1-copia-7_6_11zon.webp 1080w, https:\/\/novinsa.com\/lavanderia-industrial\/wp-content\/uploads\/2025\/07\/post-foto-dia-del-lavandero-2025_Mesa-de-trabajo-1-copia-7_6_11zon-240x300.webp 240w, https:\/\/novinsa.com\/lavanderia-industrial\/wp-content\/uploads\/2025\/07\/post-foto-dia-del-lavandero-2025_Mesa-de-trabajo-1-copia-7_6_11zon-819x1024.webp 819w, https:\/\/novinsa.com\/lavanderia-industrial\/wp-content\/uploads\/2025\/07\/post-foto-dia-del-lavandero-2025_Mesa-de-trabajo-1-copia-7_6_11zon-768x960.webp 768w, https:\/\/novinsa.com\/lavanderia-industrial\/wp-content\/uploads\/2025\/07\/post-foto-dia-del-lavandero-2025_Mesa-de-trabajo-1-copia-7_6_11zon-510x638.webp 510w, https:\/\/novinsa.com\/lavanderia-industrial\/wp-content\/uploads\/2025\/07\/post-foto-dia-del-lavandero-2025_Mesa-de-trabajo-1-copia-7_6_11zon-64x80.webp 64w\" sizes=\"(max-width: 1080px) 100vw, 1080px\" \/><\/a>\n\t\t\t<\/div><\/figure><figure class='gallery-item'>\n\t\t\t<div class='gallery-icon portrait'>\n\t\t\t\t<a data-elementor-open-lightbox=\"yes\" data-elementor-lightbox-slideshow=\"20a7d68\" data-elementor-lightbox-title=\"post foto dia del lavandero 2025_Mesa de trabajo 1 copia 6_5_11zon\" data-e-action-hash=\"#elementor-action%3Aaction%3Dlightbox%26settings%3DeyJpZCI6MTE4NjYsInVybCI6Imh0dHBzOlwvXC9ub3ZpbnNhLmNvbVwvbGF2YW5kZXJpYS1pbmR1c3RyaWFsXC93cC1jb250ZW50XC91cGxvYWRzXC8yMDI1XC8wN1wvcG9zdC1mb3RvLWRpYS1kZWwtbGF2YW5kZXJvLTIwMjVfTWVzYS1kZS10cmFiYWpvLTEtY29waWEtNl81XzExem9uLndlYnAiLCJzbGlkZXNob3ciOiIyMGE3ZDY4In0%3D\" href='https:\/\/novinsa.com\/lavanderia-industrial\/wp-content\/uploads\/2025\/07\/post-foto-dia-del-lavandero-2025_Mesa-de-trabajo-1-copia-6_5_11zon.webp'><img loading=\"lazy\" decoding=\"async\" width=\"1080\" height=\"1350\" src=\"https:\/\/novinsa.com\/lavanderia-industrial\/wp-content\/uploads\/2025\/07\/post-foto-dia-del-lavandero-2025_Mesa-de-trabajo-1-copia-6_5_11zon.webp\" class=\"attachment-full size-full\" alt=\"\" srcset=\"https:\/\/novinsa.com\/lavanderia-industrial\/wp-content\/uploads\/2025\/07\/post-foto-dia-del-lavandero-2025_Mesa-de-trabajo-1-copia-6_5_11zon.webp 1080w, https:\/\/novinsa.com\/lavanderia-industrial\/wp-content\/uploads\/2025\/07\/post-foto-dia-del-lavandero-2025_Mesa-de-trabajo-1-copia-6_5_11zon-240x300.webp 240w, https:\/\/novinsa.com\/lavanderia-industrial\/wp-content\/uploads\/2025\/07\/post-foto-dia-del-lavandero-2025_Mesa-de-trabajo-1-copia-6_5_11zon-819x1024.webp 819w, https:\/\/novinsa.com\/lavanderia-industrial\/wp-content\/uploads\/2025\/07\/post-foto-dia-del-lavandero-2025_Mesa-de-trabajo-1-copia-6_5_11zon-768x960.webp 768w, https:\/\/novinsa.com\/lavanderia-industrial\/wp-content\/uploads\/2025\/07\/post-foto-dia-del-lavandero-2025_Mesa-de-trabajo-1-copia-6_5_11zon-510x638.webp 510w, https:\/\/novinsa.com\/lavanderia-industrial\/wp-content\/uploads\/2025\/07\/post-foto-dia-del-lavandero-2025_Mesa-de-trabajo-1-copia-6_5_11zon-64x80.webp 64w\" sizes=\"(max-width: 1080px) 100vw, 1080px\" \/><\/a>\n\t\t\t<\/div><\/figure><figure class='gallery-item'>\n\t\t\t<div class='gallery-icon portrait'>\n\t\t\t\t<a data-elementor-open-lightbox=\"yes\" data-elementor-lightbox-slideshow=\"20a7d68\" data-elementor-lightbox-title=\"post foto dia del lavandero 2025_Mesa de trabajo 1 copia 5_4_11zon\" data-e-action-hash=\"#elementor-action%3Aaction%3Dlightbox%26settings%3DeyJpZCI6MTE4NjUsInVybCI6Imh0dHBzOlwvXC9ub3ZpbnNhLmNvbVwvbGF2YW5kZXJpYS1pbmR1c3RyaWFsXC93cC1jb250ZW50XC91cGxvYWRzXC8yMDI1XC8wN1wvcG9zdC1mb3RvLWRpYS1kZWwtbGF2YW5kZXJvLTIwMjVfTWVzYS1kZS10cmFiYWpvLTEtY29waWEtNV80XzExem9uLndlYnAiLCJzbGlkZXNob3ciOiIyMGE3ZDY4In0%3D\" href='https:\/\/novinsa.com\/lavanderia-industrial\/wp-content\/uploads\/2025\/07\/post-foto-dia-del-lavandero-2025_Mesa-de-trabajo-1-copia-5_4_11zon.webp'><img loading=\"lazy\" decoding=\"async\" width=\"1080\" height=\"1350\" src=\"https:\/\/novinsa.com\/lavanderia-industrial\/wp-content\/uploads\/2025\/07\/post-foto-dia-del-lavandero-2025_Mesa-de-trabajo-1-copia-5_4_11zon.webp\" class=\"attachment-full size-full\" alt=\"\" srcset=\"https:\/\/novinsa.com\/lavanderia-industrial\/wp-content\/uploads\/2025\/07\/post-foto-dia-del-lavandero-2025_Mesa-de-trabajo-1-copia-5_4_11zon.webp 1080w, https:\/\/novinsa.com\/lavanderia-industrial\/wp-content\/uploads\/2025\/07\/post-foto-dia-del-lavandero-2025_Mesa-de-trabajo-1-copia-5_4_11zon-240x300.webp 240w, https:\/\/novinsa.com\/lavanderia-industrial\/wp-content\/uploads\/2025\/07\/post-foto-dia-del-lavandero-2025_Mesa-de-trabajo-1-copia-5_4_11zon-819x1024.webp 819w, https:\/\/novinsa.com\/lavanderia-industrial\/wp-content\/uploads\/2025\/07\/post-foto-dia-del-lavandero-2025_Mesa-de-trabajo-1-copia-5_4_11zon-768x960.webp 768w, https:\/\/novinsa.com\/lavanderia-industrial\/wp-content\/uploads\/2025\/07\/post-foto-dia-del-lavandero-2025_Mesa-de-trabajo-1-copia-5_4_11zon-510x638.webp 510w, https:\/\/novinsa.com\/lavanderia-industrial\/wp-content\/uploads\/2025\/07\/post-foto-dia-del-lavandero-2025_Mesa-de-trabajo-1-copia-5_4_11zon-64x80.webp 64w\" sizes=\"(max-width: 1080px) 100vw, 1080px\" \/><\/a>\n\t\t\t<\/div><\/figure><figure class='gallery-item'>\n\t\t\t<div class='gallery-icon portrait'>\n\t\t\t\t<a data-elementor-open-lightbox=\"yes\" data-elementor-lightbox-slideshow=\"20a7d68\" data-elementor-lightbox-title=\"post foto dia del lavandero 2025_Mesa de trabajo 1 copia 4_3_11zon\" data-e-action-hash=\"#elementor-action%3Aaction%3Dlightbox%26settings%3DeyJpZCI6MTE4NjQsInVybCI6Imh0dHBzOlwvXC9ub3ZpbnNhLmNvbVwvbGF2YW5kZXJpYS1pbmR1c3RyaWFsXC93cC1jb250ZW50XC91cGxvYWRzXC8yMDI1XC8wN1wvcG9zdC1mb3RvLWRpYS1kZWwtbGF2YW5kZXJvLTIwMjVfTWVzYS1kZS10cmFiYWpvLTEtY29waWEtNF8zXzExem9uLndlYnAiLCJzbGlkZXNob3ciOiIyMGE3ZDY4In0%3D\" href='https:\/\/novinsa.com\/lavanderia-industrial\/wp-content\/uploads\/2025\/07\/post-foto-dia-del-lavandero-2025_Mesa-de-trabajo-1-copia-4_3_11zon.webp'><img loading=\"lazy\" decoding=\"async\" width=\"1080\" height=\"1350\" src=\"https:\/\/novinsa.com\/lavanderia-industrial\/wp-content\/uploads\/2025\/07\/post-foto-dia-del-lavandero-2025_Mesa-de-trabajo-1-copia-4_3_11zon.webp\" class=\"attachment-full size-full\" alt=\"\" srcset=\"https:\/\/novinsa.com\/lavanderia-industrial\/wp-content\/uploads\/2025\/07\/post-foto-dia-del-lavandero-2025_Mesa-de-trabajo-1-copia-4_3_11zon.webp 1080w, https:\/\/novinsa.com\/lavanderia-industrial\/wp-content\/uploads\/2025\/07\/post-foto-dia-del-lavandero-2025_Mesa-de-trabajo-1-copia-4_3_11zon-240x300.webp 240w, https:\/\/novinsa.com\/lavanderia-industrial\/wp-content\/uploads\/2025\/07\/post-foto-dia-del-lavandero-2025_Mesa-de-trabajo-1-copia-4_3_11zon-819x1024.webp 819w, https:\/\/novinsa.com\/lavanderia-industrial\/wp-content\/uploads\/2025\/07\/post-foto-dia-del-lavandero-2025_Mesa-de-trabajo-1-copia-4_3_11zon-768x960.webp 768w, https:\/\/novinsa.com\/lavanderia-industrial\/wp-content\/uploads\/2025\/07\/post-foto-dia-del-lavandero-2025_Mesa-de-trabajo-1-copia-4_3_11zon-510x638.webp 510w, https:\/\/novinsa.com\/lavanderia-industrial\/wp-content\/uploads\/2025\/07\/post-foto-dia-del-lavandero-2025_Mesa-de-trabajo-1-copia-4_3_11zon-64x80.webp 64w\" sizes=\"(max-width: 1080px) 100vw, 1080px\" \/><\/a>\n\t\t\t<\/div><\/figure><figure class='gallery-item'>\n\t\t\t<div class='gallery-icon portrait'>\n\t\t\t\t<a data-elementor-open-lightbox=\"yes\" data-elementor-lightbox-slideshow=\"20a7d68\" data-elementor-lightbox-title=\"post foto dia del lavandero 2025_Mesa de trabajo 1 copia 3_2_11zon\" data-e-action-hash=\"#elementor-action%3Aaction%3Dlightbox%26settings%3DeyJpZCI6MTE4NjMsInVybCI6Imh0dHBzOlwvXC9ub3ZpbnNhLmNvbVwvbGF2YW5kZXJpYS1pbmR1c3RyaWFsXC93cC1jb250ZW50XC91cGxvYWRzXC8yMDI1XC8wN1wvcG9zdC1mb3RvLWRpYS1kZWwtbGF2YW5kZXJvLTIwMjVfTWVzYS1kZS10cmFiYWpvLTEtY29waWEtM18yXzExem9uLndlYnAiLCJzbGlkZXNob3ciOiIyMGE3ZDY4In0%3D\" href='https:\/\/novinsa.com\/lavanderia-industrial\/wp-content\/uploads\/2025\/07\/post-foto-dia-del-lavandero-2025_Mesa-de-trabajo-1-copia-3_2_11zon.webp'><img loading=\"lazy\" decoding=\"async\" width=\"1080\" height=\"1350\" src=\"https:\/\/novinsa.com\/lavanderia-industrial\/wp-content\/uploads\/2025\/07\/post-foto-dia-del-lavandero-2025_Mesa-de-trabajo-1-copia-3_2_11zon.webp\" class=\"attachment-full size-full\" alt=\"\" srcset=\"https:\/\/novinsa.com\/lavanderia-industrial\/wp-content\/uploads\/2025\/07\/post-foto-dia-del-lavandero-2025_Mesa-de-trabajo-1-copia-3_2_11zon.webp 1080w, https:\/\/novinsa.com\/lavanderia-industrial\/wp-content\/uploads\/2025\/07\/post-foto-dia-del-lavandero-2025_Mesa-de-trabajo-1-copia-3_2_11zon-240x300.webp 240w, https:\/\/novinsa.com\/lavanderia-industrial\/wp-content\/uploads\/2025\/07\/post-foto-dia-del-lavandero-2025_Mesa-de-trabajo-1-copia-3_2_11zon-819x1024.webp 819w, https:\/\/novinsa.com\/lavanderia-industrial\/wp-content\/uploads\/2025\/07\/post-foto-dia-del-lavandero-2025_Mesa-de-trabajo-1-copia-3_2_11zon-768x960.webp 768w, https:\/\/novinsa.com\/lavanderia-industrial\/wp-content\/uploads\/2025\/07\/post-foto-dia-del-lavandero-2025_Mesa-de-trabajo-1-copia-3_2_11zon-510x638.webp 510w, https:\/\/novinsa.com\/lavanderia-industrial\/wp-content\/uploads\/2025\/07\/post-foto-dia-del-lavandero-2025_Mesa-de-trabajo-1-copia-3_2_11zon-64x80.webp 64w\" sizes=\"(max-width: 1080px) 100vw, 1080px\" \/><\/a>\n\t\t\t<\/div><\/figure><figure class='gallery-item'>\n\t\t\t<div class='gallery-icon portrait'>\n\t\t\t\t<a data-elementor-open-lightbox=\"yes\" data-elementor-lightbox-slideshow=\"20a7d68\" data-elementor-lightbox-title=\"post foto dia del lavandero 2025_Mesa de trabajo 1 copia 2_1_11zon\" data-e-action-hash=\"#elementor-action%3Aaction%3Dlightbox%26settings%3DeyJpZCI6MTE4NjIsInVybCI6Imh0dHBzOlwvXC9ub3ZpbnNhLmNvbVwvbGF2YW5kZXJpYS1pbmR1c3RyaWFsXC93cC1jb250ZW50XC91cGxvYWRzXC8yMDI1XC8wN1wvcG9zdC1mb3RvLWRpYS1kZWwtbGF2YW5kZXJvLTIwMjVfTWVzYS1kZS10cmFiYWpvLTEtY29waWEtMl8xXzExem9uLndlYnAiLCJzbGlkZXNob3ciOiIyMGE3ZDY4In0%3D\" href='https:\/\/novinsa.com\/lavanderia-industrial\/wp-content\/uploads\/2025\/07\/post-foto-dia-del-lavandero-2025_Mesa-de-trabajo-1-copia-2_1_11zon.webp'><img loading=\"lazy\" decoding=\"async\" width=\"1080\" height=\"1350\" src=\"https:\/\/novinsa.com\/lavanderia-industrial\/wp-content\/uploads\/2025\/07\/post-foto-dia-del-lavandero-2025_Mesa-de-trabajo-1-copia-2_1_11zon.webp\" class=\"attachment-full size-full\" alt=\"\" srcset=\"https:\/\/novinsa.com\/lavanderia-industrial\/wp-content\/uploads\/2025\/07\/post-foto-dia-del-lavandero-2025_Mesa-de-trabajo-1-copia-2_1_11zon.webp 1080w, https:\/\/novinsa.com\/lavanderia-industrial\/wp-content\/uploads\/2025\/07\/post-foto-dia-del-lavandero-2025_Mesa-de-trabajo-1-copia-2_1_11zon-240x300.webp 240w, https:\/\/novinsa.com\/lavanderia-industrial\/wp-content\/uploads\/2025\/07\/post-foto-dia-del-lavandero-2025_Mesa-de-trabajo-1-copia-2_1_11zon-819x1024.webp 819w, https:\/\/novinsa.com\/lavanderia-industrial\/wp-content\/uploads\/2025\/07\/post-foto-dia-del-lavandero-2025_Mesa-de-trabajo-1-copia-2_1_11zon-768x960.webp 768w, https:\/\/novinsa.com\/lavanderia-industrial\/wp-content\/uploads\/2025\/07\/post-foto-dia-del-lavandero-2025_Mesa-de-trabajo-1-copia-2_1_11zon-510x638.webp 510w, https:\/\/novinsa.com\/lavanderia-industrial\/wp-content\/uploads\/2025\/07\/post-foto-dia-del-lavandero-2025_Mesa-de-trabajo-1-copia-2_1_11zon-64x80.webp 64w\" sizes=\"(max-width: 1080px) 100vw, 1080px\" \/><\/a>\n\t\t\t<\/div><\/figure>\n\t\t<\/div>\n\t\t<\/div>\n\t\t\t\t\t\t<\/div>\n\t\t\t\t<\/div>\n\t\t\t\t\t<\/div>\n\t\t\t\t<\/div>\n\t\t\t\t<\/div>\n\t\t","protected":false},"excerpt":{"rendered":"<p>\u00a1Una vez m\u00e1s, la pasi\u00f3n por la lavander\u00eda profesional nos reuni\u00f3! Este 2025, se llev\u00f3 a cabo la 3.\u00aa edici\u00f3n del D\u00eda del Lavandero Profesional, un evento especial organizado por Prodex y Novinsa para reconocer, capacitar y homenajear a quienes hacen posible un servicio de lavander\u00eda de calidad d\u00eda tras d\u00eda. Un homenaje al esfuerzo y la excelencia en lavander\u00eda La celebraci\u00f3n fue todo un \u00e9xito y reuni\u00f3 a decenas de profesionales del rubro que d\u00eda a d\u00eda se esfuerzan por brindar un servicio impecable. Durante el evento, los asistentes participaron en capacitaciones t\u00e9cnicas, din\u00e1micas grupales, sorteos y, sobre todo, en un momento de reconocimiento por su importante labor en la sociedad. Certificaci\u00f3n y regalos para nuestros profesionales Cada participante recibi\u00f3 su certificado de participaci\u00f3n, adem\u00e1s de kits de productos especializados y material informativo para seguir mejorando en su labor diaria. Tambi\u00e9n se present\u00f3 equipamiento moderno para lavander\u00edas y soluciones en detergencia industrial de alta eficiencia, destacando la innovaci\u00f3n que ofrecen las marcas Novinsa y Prodex. \u00bfPor qu\u00e9 celebramos el D\u00eda del Lavandero Profesional? Porque creemos firmemente que el trabajo de un lavandero o lavandera va m\u00e1s all\u00e1 de limpiar ropa. Es un oficio que requiere t\u00e9cnica, compromiso, experiencia y mucho esfuerzo. Con este evento, buscamos darle el valor que merece esta profesi\u00f3n, fomentar el aprendizaje constante y construir una comunidad m\u00e1s fuerte dentro del sector. \u00a1Gracias por ser parte de esta gran familia! Desde Prodex y Novinsa, agradecemos profundamente a todos los participantes y aliados que hicieron posible esta tercera edici\u00f3n. Seguiremos trabajando para ofrecer m\u00e1s espacios de formaci\u00f3n, reconocimiento y desarrollo para el sector de lavander\u00eda profesional. GALER\u00cdA DE FOTOS<\/p>\n","protected":false},"author":2,"featured_media":11878,"comment_status":"closed","ping_status":"open","sticky":false,"template":"","format":"standard","meta":{"_acf_changed":false,"site-sidebar-layout":"default","site-content-layout":"","ast-site-content-layout":"default","site-content-style":"default","site-sidebar-style":"default","ast-global-header-display":"","ast-banner-title-visibility":"","ast-main-header-display":"","ast-hfb-above-header-display":"","ast-hfb-below-header-display":"","ast-hfb-mobile-header-display":"","site-post-title":"","ast-breadcrumbs-content":"","ast-featured-img":"","footer-sml-layout":"","theme-transparent-header-meta":"","adv-header-id-meta":"","stick-header-meta":"","header-above-stick-meta":"","header-main-stick-meta":"","header-below-stick-meta":"","astra-migrate-meta-layouts":"set","ast-page-background-enabled":"default","ast-page-background-meta":{"desktop":{"background-color":"var(--ast-global-color-4)","background-image":"","background-repeat":"repeat","background-position":"center center","background-size":"auto","background-attachment":"scroll","background-type":"","background-media":"","overlay-type":"","overlay-color":"","overlay-opacity":"","overlay-gradient":""},"tablet":{"background-color":"","background-image":"","background-repeat":"repeat","background-position":"center center","background-size":"auto","background-attachment":"scroll","background-type":"","background-media":"","overlay-type":"","overlay-color":"","overlay-opacity":"","overlay-gradient":""},"mobile":{"background-color":"","background-image":"","background-repeat":"repeat","background-position":"center center","background-size":"auto","background-attachment":"scroll","background-type":"","background-media":"","overlay-type":"","overlay-color":"","overlay-opacity":"","overlay-gradient":""}},"ast-content-background-meta":{"desktop":{"background-color":"var(--ast-global-color-5)","background-image":"","background-repeat":"repeat","background-position":"center center","background-size":"auto","background-attachment":"scroll","background-type":"","background-media":"","overlay-type":"","overlay-color":"","overlay-opacity":"","overlay-gradient":""},"tablet":{"background-color":"var(--ast-global-color-5)","background-image":"","background-repeat":"repeat","background-position":"center center","background-size":"auto","background-attachment":"scroll","background-type":"","background-media":"","overlay-type":"","overlay-color":"","overlay-opacity":"","overlay-gradient":""},"mobile":{"background-color":"var(--ast-global-color-5)","background-image":"","background-repeat":"repeat","background-position":"center center","background-size":"auto","background-attachment":"scroll","background-type":"","background-media":"","overlay-type":"","overlay-color":"","overlay-opacity":"","overlay-gradient":""}},"_joinchat":[],"footnotes":""},"categories":[142,155,1],"tags":[],"class_list":["post-11856","post","type-post","status-publish","format-standard","has-post-thumbnail","hentry","category-capacitaciones","category-dia-del-lavandero","category-novedades"],"acf":[],"yoast_head":"<!-- This site is optimized with the Yoast SEO plugin v27.4 - https:\/\/yoast.com\/product\/yoast-seo-wordpress\/ -->\n<title>\u201cCELEBRACI\u00d3N POR EL D\u00cdA DEL LAVANDERO PROFESIONAL\u201d 3era EDICI\u00d3N PER\u00da 2025 &#8211; Novinsa | Equipos de Lavander\u00eda Industrial<\/title>\n<meta name=\"robots\" content=\"index, follow, max-snippet:-1, max-image-preview:large, max-video-preview:-1\" \/>\n<link rel=\"canonical\" href=\"https:\/\/novinsa.com\/lavanderia-industrial\/celebracion-por-el-dia-del-lavandero-profesional-3era-edicion-peru-2025\/\" \/>\n<meta property=\"og:locale\" content=\"es_ES\" \/>\n<meta property=\"og:type\" content=\"article\" \/>\n<meta property=\"og:title\" content=\"\u201cCELEBRACI\u00d3N POR EL D\u00cdA DEL LAVANDERO PROFESIONAL\u201d 3era EDICI\u00d3N PER\u00da 2025 &#8211; Novinsa | Equipos de Lavander\u00eda Industrial\" \/>\n<meta property=\"og:description\" content=\"\u00a1Una vez m\u00e1s, la pasi\u00f3n por la lavander\u00eda profesional nos reuni\u00f3! Este 2025, se llev\u00f3 a cabo la 3.\u00aa edici\u00f3n del D\u00eda del Lavandero Profesional, un evento especial organizado por Prodex y Novinsa para reconocer, capacitar y homenajear a quienes hacen posible un servicio de lavander\u00eda de calidad d\u00eda tras d\u00eda. Un homenaje al esfuerzo y la excelencia en lavander\u00eda La celebraci\u00f3n fue todo un \u00e9xito y reuni\u00f3 a decenas de profesionales del rubro que d\u00eda a d\u00eda se esfuerzan por brindar un servicio impecable. Durante el evento, los asistentes participaron en capacitaciones t\u00e9cnicas, din\u00e1micas grupales, sorteos y, sobre todo, en un momento de reconocimiento por su importante labor en la sociedad. Certificaci\u00f3n y regalos para nuestros profesionales Cada participante recibi\u00f3 su certificado de participaci\u00f3n, adem\u00e1s de kits de productos especializados y material informativo para seguir mejorando en su labor diaria. Tambi\u00e9n se present\u00f3 equipamiento moderno para lavander\u00edas y soluciones en detergencia industrial de alta eficiencia, destacando la innovaci\u00f3n que ofrecen las marcas Novinsa y Prodex. \u00bfPor qu\u00e9 celebramos el D\u00eda del Lavandero Profesional? Porque creemos firmemente que el trabajo de un lavandero o lavandera va m\u00e1s all\u00e1 de limpiar ropa. Es un oficio que requiere t\u00e9cnica, compromiso, experiencia y mucho esfuerzo. Con este evento, buscamos darle el valor que merece esta profesi\u00f3n, fomentar el aprendizaje constante y construir una comunidad m\u00e1s fuerte dentro del sector. \u00a1Gracias por ser parte de esta gran familia! Desde Prodex y Novinsa, agradecemos profundamente a todos los participantes y aliados que hicieron posible esta tercera edici\u00f3n. Seguiremos trabajando para ofrecer m\u00e1s espacios de formaci\u00f3n, reconocimiento y desarrollo para el sector de lavander\u00eda profesional. GALER\u00cdA DE FOTOS\" \/>\n<meta property=\"og:url\" content=\"https:\/\/novinsa.com\/lavanderia-industrial\/celebracion-por-el-dia-del-lavandero-profesional-3era-edicion-peru-2025\/\" \/>\n<meta property=\"og:site_name\" content=\"Novinsa | Equipos de Lavander\u00eda Industrial\" \/>\n<meta property=\"article:publisher\" content=\"https:\/\/www.facebook.com\/novinsa.peru\" \/>\n<meta property=\"article:published_time\" content=\"2025-07-14T14:46:19+00:00\" \/>\n<meta property=\"article:modified_time\" content=\"2025-12-02T18:33:39+00:00\" \/>\n<meta property=\"og:image\" content=\"https:\/\/novinsa.com\/lavanderia-industrial\/wp-content\/uploads\/2025\/07\/post-foto-dia-del-lavandero-2025_Mesa-de-trabajo-1-copia-17_16_11zon.webp\" \/>\n\t<meta property=\"og:image:width\" content=\"1080\" \/>\n\t<meta property=\"og:image:height\" content=\"1350\" \/>\n\t<meta property=\"og:image:type\" content=\"image\/webp\" \/>\n<meta name=\"author\" content=\"Web Master\" \/>\n<meta name=\"twitter:card\" content=\"summary_large_image\" \/>\n<meta name=\"twitter:label1\" content=\"Escrito por\" \/>\n\t<meta name=\"twitter:data1\" content=\"Web Master\" \/>\n\t<meta name=\"twitter:label2\" content=\"Tiempo de lectura\" \/>\n\t<meta name=\"twitter:data2\" content=\"5 minutos\" \/>\n<script type=\"application\/ld+json\" class=\"yoast-schema-graph\">{\"@context\":\"https:\\\/\\\/schema.org\",\"@graph\":[{\"@type\":\"Article\",\"@id\":\"https:\\\/\\\/novinsa.com\\\/lavanderia-industrial\\\/celebracion-por-el-dia-del-lavandero-profesional-3era-edicion-peru-2025\\\/#article\",\"isPartOf\":{\"@id\":\"https:\\\/\\\/novinsa.com\\\/lavanderia-industrial\\\/celebracion-por-el-dia-del-lavandero-profesional-3era-edicion-peru-2025\\\/\"},\"author\":{\"name\":\"Web Master\",\"@id\":\"https:\\\/\\\/novinsa.com\\\/lavanderia-industrial\\\/#\\\/schema\\\/person\\\/bc8648258879a42256964db92b66a3a6\"},\"headline\":\"\u201cCELEBRACI\u00d3N POR EL D\u00cdA DEL LAVANDERO PROFESIONAL\u201d 3era EDICI\u00d3N PER\u00da 2025\",\"datePublished\":\"2025-07-14T14:46:19+00:00\",\"dateModified\":\"2025-12-02T18:33:39+00:00\",\"mainEntityOfPage\":{\"@id\":\"https:\\\/\\\/novinsa.com\\\/lavanderia-industrial\\\/celebracion-por-el-dia-del-lavandero-profesional-3era-edicion-peru-2025\\\/\"},\"wordCount\":313,\"publisher\":{\"@id\":\"https:\\\/\\\/novinsa.com\\\/lavanderia-industrial\\\/#organization\"},\"image\":{\"@id\":\"https:\\\/\\\/novinsa.com\\\/lavanderia-industrial\\\/celebracion-por-el-dia-del-lavandero-profesional-3era-edicion-peru-2025\\\/#primaryimage\"},\"thumbnailUrl\":\"https:\\\/\\\/novinsa.com\\\/lavanderia-industrial\\\/wp-content\\\/uploads\\\/2025\\\/07\\\/post-foto-dia-del-lavandero-2025_Mesa-de-trabajo-1-copia-17_16_11zon.webp\",\"articleSection\":[\"Capacitaciones\",\"D\u00eda del Lavandero\",\"Novedades\"],\"inLanguage\":\"es\"},{\"@type\":\"WebPage\",\"@id\":\"https:\\\/\\\/novinsa.com\\\/lavanderia-industrial\\\/celebracion-por-el-dia-del-lavandero-profesional-3era-edicion-peru-2025\\\/\",\"url\":\"https:\\\/\\\/novinsa.com\\\/lavanderia-industrial\\\/celebracion-por-el-dia-del-lavandero-profesional-3era-edicion-peru-2025\\\/\",\"name\":\"\u201cCELEBRACI\u00d3N POR EL D\u00cdA DEL LAVANDERO PROFESIONAL\u201d 3era EDICI\u00d3N PER\u00da 2025 &#8211; Novinsa | Equipos de Lavander\u00eda Industrial\",\"isPartOf\":{\"@id\":\"https:\\\/\\\/novinsa.com\\\/lavanderia-industrial\\\/#website\"},\"primaryImageOfPage\":{\"@id\":\"https:\\\/\\\/novinsa.com\\\/lavanderia-industrial\\\/celebracion-por-el-dia-del-lavandero-profesional-3era-edicion-peru-2025\\\/#primaryimage\"},\"image\":{\"@id\":\"https:\\\/\\\/novinsa.com\\\/lavanderia-industrial\\\/celebracion-por-el-dia-del-lavandero-profesional-3era-edicion-peru-2025\\\/#primaryimage\"},\"thumbnailUrl\":\"https:\\\/\\\/novinsa.com\\\/lavanderia-industrial\\\/wp-content\\\/uploads\\\/2025\\\/07\\\/post-foto-dia-del-lavandero-2025_Mesa-de-trabajo-1-copia-17_16_11zon.webp\",\"datePublished\":\"2025-07-14T14:46:19+00:00\",\"dateModified\":\"2025-12-02T18:33:39+00:00\",\"breadcrumb\":{\"@id\":\"https:\\\/\\\/novinsa.com\\\/lavanderia-industrial\\\/celebracion-por-el-dia-del-lavandero-profesional-3era-edicion-peru-2025\\\/#breadcrumb\"},\"inLanguage\":\"es\",\"potentialAction\":[{\"@type\":\"ReadAction\",\"target\":[\"https:\\\/\\\/novinsa.com\\\/lavanderia-industrial\\\/celebracion-por-el-dia-del-lavandero-profesional-3era-edicion-peru-2025\\\/\"]}]},{\"@type\":\"ImageObject\",\"inLanguage\":\"es\",\"@id\":\"https:\\\/\\\/novinsa.com\\\/lavanderia-industrial\\\/celebracion-por-el-dia-del-lavandero-profesional-3era-edicion-peru-2025\\\/#primaryimage\",\"url\":\"https:\\\/\\\/novinsa.com\\\/lavanderia-industrial\\\/wp-content\\\/uploads\\\/2025\\\/07\\\/post-foto-dia-del-lavandero-2025_Mesa-de-trabajo-1-copia-17_16_11zon.webp\",\"contentUrl\":\"https:\\\/\\\/novinsa.com\\\/lavanderia-industrial\\\/wp-content\\\/uploads\\\/2025\\\/07\\\/post-foto-dia-del-lavandero-2025_Mesa-de-trabajo-1-copia-17_16_11zon.webp\",\"width\":1080,\"height\":1350},{\"@type\":\"BreadcrumbList\",\"@id\":\"https:\\\/\\\/novinsa.com\\\/lavanderia-industrial\\\/celebracion-por-el-dia-del-lavandero-profesional-3era-edicion-peru-2025\\\/#breadcrumb\",\"itemListElement\":[{\"@type\":\"ListItem\",\"position\":1,\"name\":\"Home\",\"item\":\"https:\\\/\\\/novinsa.com\\\/lavanderia-industrial\\\/\"},{\"@type\":\"ListItem\",\"position\":2,\"name\":\"\u201cCELEBRACI\u00d3N POR EL DIA DEL LAVANDERO PROFESIONAL\u201d \u2013 3era EDICI\u00d3N PER\u00da 2025\"}]},{\"@type\":\"WebSite\",\"@id\":\"https:\\\/\\\/novinsa.com\\\/lavanderia-industrial\\\/#website\",\"url\":\"https:\\\/\\\/novinsa.com\\\/lavanderia-industrial\\\/\",\"name\":\"Novinsa | venta equipos para lavanderia industrial\",\"description\":\"Equipamiento en Lavander\u00eda Industrial\",\"publisher\":{\"@id\":\"https:\\\/\\\/novinsa.com\\\/lavanderia-industrial\\\/#organization\"},\"alternateName\":\"Novinsa Lavadoras industriales Per\u00fa\",\"potentialAction\":[{\"@type\":\"SearchAction\",\"target\":{\"@type\":\"EntryPoint\",\"urlTemplate\":\"https:\\\/\\\/novinsa.com\\\/lavanderia-industrial\\\/?s={search_term_string}\"},\"query-input\":{\"@type\":\"PropertyValueSpecification\",\"valueRequired\":true,\"valueName\":\"search_term_string\"}}],\"inLanguage\":\"es\"},{\"@type\":\"Organization\",\"@id\":\"https:\\\/\\\/novinsa.com\\\/lavanderia-industrial\\\/#organization\",\"name\":\"NOVINSA COMERCIAL SA\",\"alternateName\":\"Lavadoras industriales para hoteles\",\"url\":\"https:\\\/\\\/novinsa.com\\\/lavanderia-industrial\\\/\",\"logo\":{\"@type\":\"ImageObject\",\"inLanguage\":\"es\",\"@id\":\"https:\\\/\\\/novinsa.com\\\/lavanderia-industrial\\\/#\\\/schema\\\/logo\\\/image\\\/\",\"url\":\"https:\\\/\\\/novinsa.com\\\/lavanderia-industrial\\\/wp-content\\\/uploads\\\/2023\\\/03\\\/Mesa-de-trabajo-1-copia.png\",\"contentUrl\":\"https:\\\/\\\/novinsa.com\\\/lavanderia-industrial\\\/wp-content\\\/uploads\\\/2023\\\/03\\\/Mesa-de-trabajo-1-copia.png\",\"width\":1201,\"height\":676,\"caption\":\"NOVINSA COMERCIAL SA\"},\"image\":{\"@id\":\"https:\\\/\\\/novinsa.com\\\/lavanderia-industrial\\\/#\\\/schema\\\/logo\\\/image\\\/\"},\"sameAs\":[\"https:\\\/\\\/www.facebook.com\\\/novinsa.peru\",\"https:\\\/\\\/www.instagram.com\\\/novinsa.peru\\\/\",\"https:\\\/\\\/www.youtube.com\\\/@novinsacomercials.a.9294\"]},{\"@type\":\"Person\",\"@id\":\"https:\\\/\\\/novinsa.com\\\/lavanderia-industrial\\\/#\\\/schema\\\/person\\\/bc8648258879a42256964db92b66a3a6\",\"name\":\"Web Master\",\"image\":{\"@type\":\"ImageObject\",\"inLanguage\":\"es\",\"@id\":\"https:\\\/\\\/secure.gravatar.com\\\/avatar\\\/de902f2d15fa9ade4f8fe8926f7e755c803be664d724c8dea7024166cb3c0b6d?s=96&d=mm&r=g\",\"url\":\"https:\\\/\\\/secure.gravatar.com\\\/avatar\\\/de902f2d15fa9ade4f8fe8926f7e755c803be664d724c8dea7024166cb3c0b6d?s=96&d=mm&r=g\",\"contentUrl\":\"https:\\\/\\\/secure.gravatar.com\\\/avatar\\\/de902f2d15fa9ade4f8fe8926f7e755c803be664d724c8dea7024166cb3c0b6d?s=96&d=mm&r=g\",\"caption\":\"Web Master\"},\"sameAs\":[\"https:\\\/\\\/novinsa.com\\\/lavanderia-industrial\"]}]}<\/script>\n<!-- \/ Yoast SEO plugin. -->","yoast_head_json":{"title":"\u201cCELEBRACI\u00d3N POR EL D\u00cdA DEL LAVANDERO PROFESIONAL\u201d 3era EDICI\u00d3N PER\u00da 2025 &#8211; Novinsa | Equipos de Lavander\u00eda Industrial","robots":{"index":"index","follow":"follow","max-snippet":"max-snippet:-1","max-image-preview":"max-image-preview:large","max-video-preview":"max-video-preview:-1"},"canonical":"https:\/\/novinsa.com\/lavanderia-industrial\/celebracion-por-el-dia-del-lavandero-profesional-3era-edicion-peru-2025\/","og_locale":"es_ES","og_type":"article","og_title":"\u201cCELEBRACI\u00d3N POR EL D\u00cdA DEL LAVANDERO PROFESIONAL\u201d 3era EDICI\u00d3N PER\u00da 2025 &#8211; Novinsa | Equipos de Lavander\u00eda Industrial","og_description":"\u00a1Una vez m\u00e1s, la pasi\u00f3n por la lavander\u00eda profesional nos reuni\u00f3! Este 2025, se llev\u00f3 a cabo la 3.\u00aa edici\u00f3n del D\u00eda del Lavandero Profesional, un evento especial organizado por Prodex y Novinsa para reconocer, capacitar y homenajear a quienes hacen posible un servicio de lavander\u00eda de calidad d\u00eda tras d\u00eda. Un homenaje al esfuerzo y la excelencia en lavander\u00eda La celebraci\u00f3n fue todo un \u00e9xito y reuni\u00f3 a decenas de profesionales del rubro que d\u00eda a d\u00eda se esfuerzan por brindar un servicio impecable. Durante el evento, los asistentes participaron en capacitaciones t\u00e9cnicas, din\u00e1micas grupales, sorteos y, sobre todo, en un momento de reconocimiento por su importante labor en la sociedad. Certificaci\u00f3n y regalos para nuestros profesionales Cada participante recibi\u00f3 su certificado de participaci\u00f3n, adem\u00e1s de kits de productos especializados y material informativo para seguir mejorando en su labor diaria. Tambi\u00e9n se present\u00f3 equipamiento moderno para lavander\u00edas y soluciones en detergencia industrial de alta eficiencia, destacando la innovaci\u00f3n que ofrecen las marcas Novinsa y Prodex. \u00bfPor qu\u00e9 celebramos el D\u00eda del Lavandero Profesional? Porque creemos firmemente que el trabajo de un lavandero o lavandera va m\u00e1s all\u00e1 de limpiar ropa. Es un oficio que requiere t\u00e9cnica, compromiso, experiencia y mucho esfuerzo. Con este evento, buscamos darle el valor que merece esta profesi\u00f3n, fomentar el aprendizaje constante y construir una comunidad m\u00e1s fuerte dentro del sector. \u00a1Gracias por ser parte de esta gran familia! Desde Prodex y Novinsa, agradecemos profundamente a todos los participantes y aliados que hicieron posible esta tercera edici\u00f3n. Seguiremos trabajando para ofrecer m\u00e1s espacios de formaci\u00f3n, reconocimiento y desarrollo para el sector de lavander\u00eda profesional. GALER\u00cdA DE FOTOS","og_url":"https:\/\/novinsa.com\/lavanderia-industrial\/celebracion-por-el-dia-del-lavandero-profesional-3era-edicion-peru-2025\/","og_site_name":"Novinsa | Equipos de Lavander\u00eda Industrial","article_publisher":"https:\/\/www.facebook.com\/novinsa.peru","article_published_time":"2025-07-14T14:46:19+00:00","article_modified_time":"2025-12-02T18:33:39+00:00","og_image":[{"width":1080,"height":1350,"url":"https:\/\/novinsa.com\/lavanderia-industrial\/wp-content\/uploads\/2025\/07\/post-foto-dia-del-lavandero-2025_Mesa-de-trabajo-1-copia-17_16_11zon.webp","type":"image\/webp"}],"author":"Web Master","twitter_card":"summary_large_image","twitter_misc":{"Escrito por":"Web Master","Tiempo de lectura":"5 minutos"},"schema":{"@context":"https:\/\/schema.org","@graph":[{"@type":"Article","@id":"https:\/\/novinsa.com\/lavanderia-industrial\/celebracion-por-el-dia-del-lavandero-profesional-3era-edicion-peru-2025\/#article","isPartOf":{"@id":"https:\/\/novinsa.com\/lavanderia-industrial\/celebracion-por-el-dia-del-lavandero-profesional-3era-edicion-peru-2025\/"},"author":{"name":"Web Master","@id":"https:\/\/novinsa.com\/lavanderia-industrial\/#\/schema\/person\/bc8648258879a42256964db92b66a3a6"},"headline":"\u201cCELEBRACI\u00d3N POR EL D\u00cdA DEL LAVANDERO PROFESIONAL\u201d 3era EDICI\u00d3N PER\u00da 2025","datePublished":"2025-07-14T14:46:19+00:00","dateModified":"2025-12-02T18:33:39+00:00","mainEntityOfPage":{"@id":"https:\/\/novinsa.com\/lavanderia-industrial\/celebracion-por-el-dia-del-lavandero-profesional-3era-edicion-peru-2025\/"},"wordCount":313,"publisher":{"@id":"https:\/\/novinsa.com\/lavanderia-industrial\/#organization"},"image":{"@id":"https:\/\/novinsa.com\/lavanderia-industrial\/celebracion-por-el-dia-del-lavandero-profesional-3era-edicion-peru-2025\/#primaryimage"},"thumbnailUrl":"https:\/\/novinsa.com\/lavanderia-industrial\/wp-content\/uploads\/2025\/07\/post-foto-dia-del-lavandero-2025_Mesa-de-trabajo-1-copia-17_16_11zon.webp","articleSection":["Capacitaciones","D\u00eda del Lavandero","Novedades"],"inLanguage":"es"},{"@type":"WebPage","@id":"https:\/\/novinsa.com\/lavanderia-industrial\/celebracion-por-el-dia-del-lavandero-profesional-3era-edicion-peru-2025\/","url":"https:\/\/novinsa.com\/lavanderia-industrial\/celebracion-por-el-dia-del-lavandero-profesional-3era-edicion-peru-2025\/","name":"\u201cCELEBRACI\u00d3N POR EL D\u00cdA DEL LAVANDERO PROFESIONAL\u201d 3era EDICI\u00d3N PER\u00da 2025 &#8211; Novinsa | Equipos de Lavander\u00eda Industrial","isPartOf":{"@id":"https:\/\/novinsa.com\/lavanderia-industrial\/#website"},"primaryImageOfPage":{"@id":"https:\/\/novinsa.com\/lavanderia-industrial\/celebracion-por-el-dia-del-lavandero-profesional-3era-edicion-peru-2025\/#primaryimage"},"image":{"@id":"https:\/\/novinsa.com\/lavanderia-industrial\/celebracion-por-el-dia-del-lavandero-profesional-3era-edicion-peru-2025\/#primaryimage"},"thumbnailUrl":"https:\/\/novinsa.com\/lavanderia-industrial\/wp-content\/uploads\/2025\/07\/post-foto-dia-del-lavandero-2025_Mesa-de-trabajo-1-copia-17_16_11zon.webp","datePublished":"2025-07-14T14:46:19+00:00","dateModified":"2025-12-02T18:33:39+00:00","breadcrumb":{"@id":"https:\/\/novinsa.com\/lavanderia-industrial\/celebracion-por-el-dia-del-lavandero-profesional-3era-edicion-peru-2025\/#breadcrumb"},"inLanguage":"es","potentialAction":[{"@type":"ReadAction","target":["https:\/\/novinsa.com\/lavanderia-industrial\/celebracion-por-el-dia-del-lavandero-profesional-3era-edicion-peru-2025\/"]}]},{"@type":"ImageObject","inLanguage":"es","@id":"https:\/\/novinsa.com\/lavanderia-industrial\/celebracion-por-el-dia-del-lavandero-profesional-3era-edicion-peru-2025\/#primaryimage","url":"https:\/\/novinsa.com\/lavanderia-industrial\/wp-content\/uploads\/2025\/07\/post-foto-dia-del-lavandero-2025_Mesa-de-trabajo-1-copia-17_16_11zon.webp","contentUrl":"https:\/\/novinsa.com\/lavanderia-industrial\/wp-content\/uploads\/2025\/07\/post-foto-dia-del-lavandero-2025_Mesa-de-trabajo-1-copia-17_16_11zon.webp","width":1080,"height":1350},{"@type":"BreadcrumbList","@id":"https:\/\/novinsa.com\/lavanderia-industrial\/celebracion-por-el-dia-del-lavandero-profesional-3era-edicion-peru-2025\/#breadcrumb","itemListElement":[{"@type":"ListItem","position":1,"name":"Home","item":"https:\/\/novinsa.com\/lavanderia-industrial\/"},{"@type":"ListItem","position":2,"name":"\u201cCELEBRACI\u00d3N POR EL DIA DEL LAVANDERO PROFESIONAL\u201d \u2013 3era EDICI\u00d3N PER\u00da 2025"}]},{"@type":"WebSite","@id":"https:\/\/novinsa.com\/lavanderia-industrial\/#website","url":"https:\/\/novinsa.com\/lavanderia-industrial\/","name":"Novinsa | venta equipos para lavanderia industrial","description":"Equipamiento en Lavander\u00eda Industrial","publisher":{"@id":"https:\/\/novinsa.com\/lavanderia-industrial\/#organization"},"alternateName":"Novinsa Lavadoras industriales Per\u00fa","potentialAction":[{"@type":"SearchAction","target":{"@type":"EntryPoint","urlTemplate":"https:\/\/novinsa.com\/lavanderia-industrial\/?s={search_term_string}"},"query-input":{"@type":"PropertyValueSpecification","valueRequired":true,"valueName":"search_term_string"}}],"inLanguage":"es"},{"@type":"Organization","@id":"https:\/\/novinsa.com\/lavanderia-industrial\/#organization","name":"NOVINSA COMERCIAL SA","alternateName":"Lavadoras industriales para hoteles","url":"https:\/\/novinsa.com\/lavanderia-industrial\/","logo":{"@type":"ImageObject","inLanguage":"es","@id":"https:\/\/novinsa.com\/lavanderia-industrial\/#\/schema\/logo\/image\/","url":"https:\/\/novinsa.com\/lavanderia-industrial\/wp-content\/uploads\/2023\/03\/Mesa-de-trabajo-1-copia.png","contentUrl":"https:\/\/novinsa.com\/lavanderia-industrial\/wp-content\/uploads\/2023\/03\/Mesa-de-trabajo-1-copia.png","width":1201,"height":676,"caption":"NOVINSA COMERCIAL SA"},"image":{"@id":"https:\/\/novinsa.com\/lavanderia-industrial\/#\/schema\/logo\/image\/"},"sameAs":["https:\/\/www.facebook.com\/novinsa.peru","https:\/\/www.instagram.com\/novinsa.peru\/","https:\/\/www.youtube.com\/@novinsacomercials.a.9294"]},{"@type":"Person","@id":"https:\/\/novinsa.com\/lavanderia-industrial\/#\/schema\/person\/bc8648258879a42256964db92b66a3a6","name":"Web Master","image":{"@type":"ImageObject","inLanguage":"es","@id":"https:\/\/secure.gravatar.com\/avatar\/de902f2d15fa9ade4f8fe8926f7e755c803be664d724c8dea7024166cb3c0b6d?s=96&d=mm&r=g","url":"https:\/\/secure.gravatar.com\/avatar\/de902f2d15fa9ade4f8fe8926f7e755c803be664d724c8dea7024166cb3c0b6d?s=96&d=mm&r=g","contentUrl":"https:\/\/secure.gravatar.com\/avatar\/de902f2d15fa9ade4f8fe8926f7e755c803be664d724c8dea7024166cb3c0b6d?s=96&d=mm&r=g","caption":"Web Master"},"sameAs":["https:\/\/novinsa.com\/lavanderia-industrial"]}]}},"_links":{"self":[{"href":"https:\/\/novinsa.com\/lavanderia-industrial\/wp-json\/wp\/v2\/posts\/11856","targetHints":{"allow":["GET"]}}],"collection":[{"href":"https:\/\/novinsa.com\/lavanderia-industrial\/wp-json\/wp\/v2\/posts"}],"about":[{"href":"https:\/\/novinsa.com\/lavanderia-industrial\/wp-json\/wp\/v2\/types\/post"}],"author":[{"embeddable":true,"href":"https:\/\/novinsa.com\/lavanderia-industrial\/wp-json\/wp\/v2\/users\/2"}],"replies":[{"embeddable":true,"href":"https:\/\/novinsa.com\/lavanderia-industrial\/wp-json\/wp\/v2\/comments?post=11856"}],"version-history":[{"count":0,"href":"https:\/\/novinsa.com\/lavanderia-industrial\/wp-json\/wp\/v2\/posts\/11856\/revisions"}],"wp:featuredmedia":[{"embeddable":true,"href":"https:\/\/novinsa.com\/lavanderia-industrial\/wp-json\/wp\/v2\/media\/11878"}],"wp:attachment":[{"href":"https:\/\/novinsa.com\/lavanderia-industrial\/wp-json\/wp\/v2\/media?parent=11856"}],"wp:term":[{"taxonomy":"category","embeddable":true,"href":"https:\/\/novinsa.com\/lavanderia-industrial\/wp-json\/wp\/v2\/categories?post=11856"},{"taxonomy":"post_tag","embeddable":true,"href":"https:\/\/novinsa.com\/lavanderia-industrial\/wp-json\/wp\/v2\/tags?post=11856"}],"curies":[{"name":"wp","href":"https:\/\/api.w.org\/{rel}","templated":true}]}}